{"id":6041,"date":"2025-03-07T13:46:14","date_gmt":"2025-03-07T12:46:14","guid":{"rendered":"https:\/\/achmhotels.com\/?p=6041"},"modified":"2025-09-17T14:32:06","modified_gmt":"2025-09-17T12:32:06","slug":"antonio-catalan-presidente-di-ac-hotels-by-marriott-sara-presente-a-hip-2025","status":"publish","type":"post","link":"https:\/\/achmhotels.com\/it\/antonio-catalan-presidente-di-ac-hotels-by-marriott-sara-presente-a-hip-2025\/","title":{"rendered":"Antonio Catal\u00e1n, presidente di AC Hotels by Marriott, sar\u00e0 presente a HIP 2025"},"content":{"rendered":"<p class=\"\" data-start=\"923\" data-end=\"1172\">La nona edizione di <a href=\"https:\/\/www.expohip.com\/\"><strong>HIP &#8211; Horeca Professional Expo<\/strong><\/a>, il pi\u00f9 grande evento di innovazione per il settore hospitality, si terr\u00e0 dal 10 al 12 marzo 2025 a IFEMA Madrid. In questa occasione, il nostro presidente <strong>Antonio Catal\u00e1n<\/strong> sar\u00e0 tra i relatori principali.<\/p>\n<p class=\"\" data-start=\"1174\" data-end=\"1486\">De esta manera, <a href=\"https:\/\/achmhotels.com\/it\/chi-siamo\/\"><strong data-start=\"1200\" data-end=\"1227\">ACHM Hotels by Marriott<\/strong><\/a> estar\u00e1 presente en un evento que, bajo el lema <strong data-start=\"1275\" data-end=\"1300\">&#8220;Explore the Unknown&#8221;<\/strong>, se consolida como la \u00fanica plataforma de negocios donde empresarios y directivos pueden inspirarse y conocer soluciones para transformar sus negocios en un mundo de constantes cambios.<\/p>\n<p data-start=\"1174\" data-end=\"1486\">Con il tema \u201cExplore the Unknown\u201d, HIP 2025 si conferma l\u2019unica piattaforma di business in cui imprenditori e dirigenti del settore possono ispirarsi e trovare soluzioni per trasformare le proprie attivit\u00e0 in un contesto di cambiamenti continui.<\/p>\n<p data-start=\"1174\" data-end=\"1486\">L\u2019<strong>11 marzo<\/strong>, dalle 10:45 alle 11:10, <strong>Antonio Catal\u00e1n<\/strong> interverr\u00e0 nel forum The <strong>VIP Room<\/strong> \u2013 <strong>Hotel Trends<\/strong>, nella sessione \u201c<strong>Global Trends in the Hotel Sector: Innovation, Adaptation, and Perspectives<\/strong>\u201d. Condivider\u00e0 la sua visione e la sua esperienza insieme a figure di spicco come <strong>Gonzalo Aguilar<\/strong> (CEO di Minor Hotels Europe &amp; Americas) e <strong>Mar de Miguel<\/strong> (Vicepresidente Esecutivo dell\u2019Associazione Albergatori di Madrid).<\/p>\n<p data-start=\"1982\" data-end=\"2239\"><img loading=\"lazy\" decoding=\"async\" class=\"aligncenter wp-image-4679 size-large\" src=\"https:\/\/achmhotels.com\/wp-content\/uploads\/2025\/05\/1741344252870-1-1024x1024.jpg\" alt=\"\" width=\"1024\" height=\"1024\" srcset=\"https:\/\/achmhotels.com\/wp-content\/uploads\/2025\/05\/1741344252870-1-1024x1024.jpg 1024w, https:\/\/achmhotels.com\/wp-content\/uploads\/2025\/05\/1741344252870-1-980x980.jpg 980w, https:\/\/achmhotels.com\/wp-content\/uploads\/2025\/05\/1741344252870-1-480x480.jpg 480w\" sizes=\"(min-width: 0px) and (max-width: 480px) 480px, (min-width: 481px) and (max-width: 980px) 980px, (min-width: 981px) 1024px, 100vw\" \/><\/p>\n<p data-start=\"1982\" data-end=\"2239\"><strong>HIP 2025<\/strong> sar\u00e0 anche uno spazio chiave di networking, in cui i principali attori dell\u2019hotellerie e della ristorazione si incontreranno per scambiare idee, creare nuove alleanze e scoprire strumenti e tecnologie che stanno trasformando il settore. La partecipazione di <strong>Antonio Catal\u00e1n<\/strong> sottolinea l\u2019impegno di <strong>ACHM Hotels by Marriott<\/strong> a guidare l\u2019industria verso un futuro pi\u00f9 sostenibile e adattato alle nuove esigenze dei consumatori.<\/p>\n<p data-start=\"1982\" data-end=\"2239\">Come azienda, continuiamo a puntare sull\u2019innovazione in ogni suo aspetto \u2014 dalla gestione alberghiera all\u2019offerta di servizi \u2014 per offrire ai nostri ospiti esperienze uniche e di qualit\u00e0.<\/p>\n","protected":false},"excerpt":{"rendered":"<p>Alla nona edizione di HIP 2025, Antonio Catal\u00e1n, presidente di ACHM Hotels by Marriott, condivider\u00e0 la sua visione sulle tendenze globali del settore alberghiero e su come innovazione e adattamento siano chiavi per il futuro dell\u2019industria.<\/p>\n","protected":false},"author":1,"featured_media":6042,"comment_status":"closed","ping_status":"closed","sticky":false,"template":"","format":"standard","meta":{"_acf_changed":false,"_et_pb_use_builder":"","_et_pb_old_content":"","_et_gb_content_width":"","inline_featured_image":false,"footnotes":""},"categories":[305],"tags":[306],"class_list":["post-6041","post","type-post","status-publish","format-standard","has-post-thumbnail","hentry","category-sala-de-prensa-it","tag-achm-hotels-by-marriott-it"],"acf":[],"yoast_head":"<!-- This site is optimized with the Yoast SEO plugin v27.3 - https:\/\/yoast.com\/product\/yoast-seo-wordpress\/ -->\n<title>Antonio Catal\u00e1n, presidente di AC Hotels by Marriott, sar\u00e0 presente a HIP 2025 - Achm<\/title>\n<meta name=\"robots\" content=\"index, follow, max-snippet:-1, max-image-preview:large, max-video-preview:-1\" \/>\n<link rel=\"canonical\" href=\"https:\/\/achmhotels.com\/it\/antonio-catalan-presidente-di-ac-hotels-by-marriott-sara-presente-a-hip-2025\/\" \/>\n<meta property=\"og:locale\" content=\"it_IT\" \/>\n<meta property=\"og:type\" content=\"article\" \/>\n<meta property=\"og:title\" content=\"Antonio Catal\u00e1n, presidente di AC Hotels by Marriott, sar\u00e0 presente a HIP 2025 - Achm\" \/>\n<meta property=\"og:description\" content=\"Alla nona edizione di HIP 2025, Antonio Catal\u00e1n, presidente di ACHM Hotels by Marriott, condivider\u00e0 la sua visione sulle tendenze globali del settore alberghiero e su come innovazione e adattamento siano chiavi per il futuro dell\u2019industria.\" \/>\n<meta property=\"og:url\" content=\"https:\/\/achmhotels.com\/it\/antonio-catalan-presidente-di-ac-hotels-by-marriott-sara-presente-a-hip-2025\/\" \/>\n<meta property=\"og:site_name\" content=\"Achm\" \/>\n<meta property=\"article:published_time\" content=\"2025-03-07T12:46:14+00:00\" \/>\n<meta property=\"article:modified_time\" content=\"2025-09-17T12:32:06+00:00\" \/>\n<meta property=\"og:image\" content=\"https:\/\/achmhotels.com\/wp-content\/uploads\/2025\/05\/1741344252870.jpg\" \/>\n\t<meta property=\"og:image:width\" content=\"1080\" \/>\n\t<meta property=\"og:image:height\" content=\"1080\" \/>\n\t<meta property=\"og:image:type\" content=\"image\/jpeg\" \/>\n<meta name=\"author\" content=\"Usu AcHm W4k4\" \/>\n<meta name=\"twitter:card\" content=\"summary_large_image\" \/>\n<meta name=\"twitter:label1\" content=\"Scritto da\" \/>\n\t<meta name=\"twitter:data1\" content=\"Usu AcHm W4k4\" \/>\n\t<meta name=\"twitter:label2\" content=\"Tempo di lettura stimato\" \/>\n\t<meta name=\"twitter:data2\" content=\"2 minuti\" \/>\n<script type=\"application\/ld+json\" class=\"yoast-schema-graph\">{\"@context\":\"https:\\\/\\\/schema.org\",\"@graph\":[{\"@type\":\"Article\",\"@id\":\"https:\\\/\\\/achmhotels.com\\\/it\\\/antonio-catalan-presidente-di-ac-hotels-by-marriott-sara-presente-a-hip-2025\\\/#article\",\"isPartOf\":{\"@id\":\"https:\\\/\\\/achmhotels.com\\\/it\\\/antonio-catalan-presidente-di-ac-hotels-by-marriott-sara-presente-a-hip-2025\\\/\"},\"author\":{\"name\":\"Usu AcHm W4k4\",\"@id\":\"https:\\\/\\\/achmhotels.com\\\/it\\\/#\\\/schema\\\/person\\\/a776c7468f807c9505ba13125690ab3d\"},\"headline\":\"Antonio Catal\u00e1n, presidente di AC Hotels by Marriott, sar\u00e0 presente a HIP 2025\",\"datePublished\":\"2025-03-07T12:46:14+00:00\",\"dateModified\":\"2025-09-17T12:32:06+00:00\",\"mainEntityOfPage\":{\"@id\":\"https:\\\/\\\/achmhotels.com\\\/it\\\/antonio-catalan-presidente-di-ac-hotels-by-marriott-sara-presente-a-hip-2025\\\/\"},\"wordCount\":292,\"image\":{\"@id\":\"https:\\\/\\\/achmhotels.com\\\/it\\\/antonio-catalan-presidente-di-ac-hotels-by-marriott-sara-presente-a-hip-2025\\\/#primaryimage\"},\"thumbnailUrl\":\"https:\\\/\\\/achmhotels.com\\\/wp-content\\\/uploads\\\/2025\\\/05\\\/1741344252870.jpg\",\"keywords\":[\"ACHM Hotels by Marriott\"],\"articleSection\":[\"Sala de prensa\"],\"inLanguage\":\"it-IT\"},{\"@type\":\"WebPage\",\"@id\":\"https:\\\/\\\/achmhotels.com\\\/it\\\/antonio-catalan-presidente-di-ac-hotels-by-marriott-sara-presente-a-hip-2025\\\/\",\"url\":\"https:\\\/\\\/achmhotels.com\\\/it\\\/antonio-catalan-presidente-di-ac-hotels-by-marriott-sara-presente-a-hip-2025\\\/\",\"name\":\"Antonio Catal\u00e1n, presidente di AC Hotels by Marriott, sar\u00e0 presente a HIP 2025 - Achm\",\"isPartOf\":{\"@id\":\"https:\\\/\\\/achmhotels.com\\\/it\\\/#website\"},\"primaryImageOfPage\":{\"@id\":\"https:\\\/\\\/achmhotels.com\\\/it\\\/antonio-catalan-presidente-di-ac-hotels-by-marriott-sara-presente-a-hip-2025\\\/#primaryimage\"},\"image\":{\"@id\":\"https:\\\/\\\/achmhotels.com\\\/it\\\/antonio-catalan-presidente-di-ac-hotels-by-marriott-sara-presente-a-hip-2025\\\/#primaryimage\"},\"thumbnailUrl\":\"https:\\\/\\\/achmhotels.com\\\/wp-content\\\/uploads\\\/2025\\\/05\\\/1741344252870.jpg\",\"datePublished\":\"2025-03-07T12:46:14+00:00\",\"dateModified\":\"2025-09-17T12:32:06+00:00\",\"author\":{\"@id\":\"https:\\\/\\\/achmhotels.com\\\/it\\\/#\\\/schema\\\/person\\\/a776c7468f807c9505ba13125690ab3d\"},\"breadcrumb\":{\"@id\":\"https:\\\/\\\/achmhotels.com\\\/it\\\/antonio-catalan-presidente-di-ac-hotels-by-marriott-sara-presente-a-hip-2025\\\/#breadcrumb\"},\"inLanguage\":\"it-IT\",\"potentialAction\":[{\"@type\":\"ReadAction\",\"target\":[\"https:\\\/\\\/achmhotels.com\\\/it\\\/antonio-catalan-presidente-di-ac-hotels-by-marriott-sara-presente-a-hip-2025\\\/\"]}]},{\"@type\":\"ImageObject\",\"inLanguage\":\"it-IT\",\"@id\":\"https:\\\/\\\/achmhotels.com\\\/it\\\/antonio-catalan-presidente-di-ac-hotels-by-marriott-sara-presente-a-hip-2025\\\/#primaryimage\",\"url\":\"https:\\\/\\\/achmhotels.com\\\/wp-content\\\/uploads\\\/2025\\\/05\\\/1741344252870.jpg\",\"contentUrl\":\"https:\\\/\\\/achmhotels.com\\\/wp-content\\\/uploads\\\/2025\\\/05\\\/1741344252870.jpg\",\"width\":1080,\"height\":1080,\"caption\":\"Cartel HIP 2025\"},{\"@type\":\"BreadcrumbList\",\"@id\":\"https:\\\/\\\/achmhotels.com\\\/it\\\/antonio-catalan-presidente-di-ac-hotels-by-marriott-sara-presente-a-hip-2025\\\/#breadcrumb\",\"itemListElement\":[{\"@type\":\"ListItem\",\"position\":1,\"name\":\"Portada\",\"item\":\"https:\\\/\\\/achmhotels.com\\\/it\\\/\"},{\"@type\":\"ListItem\",\"position\":2,\"name\":\"Antonio Catal\u00e1n, presidente di AC Hotels by Marriott, sar\u00e0 presente a HIP 2025\"}]},{\"@type\":\"WebSite\",\"@id\":\"https:\\\/\\\/achmhotels.com\\\/it\\\/#website\",\"url\":\"https:\\\/\\\/achmhotels.com\\\/it\\\/\",\"name\":\"Achm\",\"description\":\"\",\"potentialAction\":[{\"@type\":\"SearchAction\",\"target\":{\"@type\":\"EntryPoint\",\"urlTemplate\":\"https:\\\/\\\/achmhotels.com\\\/it\\\/?s={search_term_string}\"},\"query-input\":{\"@type\":\"PropertyValueSpecification\",\"valueRequired\":true,\"valueName\":\"search_term_string\"}}],\"inLanguage\":\"it-IT\"},{\"@type\":\"Person\",\"@id\":\"https:\\\/\\\/achmhotels.com\\\/it\\\/#\\\/schema\\\/person\\\/a776c7468f807c9505ba13125690ab3d\",\"name\":\"Usu AcHm W4k4\",\"image\":{\"@type\":\"ImageObject\",\"inLanguage\":\"it-IT\",\"@id\":\"https:\\\/\\\/achmhotels.com\\\/wp-content\\\/litespeed\\\/avatar\\\/7b4d44e0a2a3c0f858a7fe0d63f1477b.jpg?ver=1776935090\",\"url\":\"https:\\\/\\\/achmhotels.com\\\/wp-content\\\/litespeed\\\/avatar\\\/7b4d44e0a2a3c0f858a7fe0d63f1477b.jpg?ver=1776935090\",\"contentUrl\":\"https:\\\/\\\/achmhotels.com\\\/wp-content\\\/litespeed\\\/avatar\\\/7b4d44e0a2a3c0f858a7fe0d63f1477b.jpg?ver=1776935090\",\"caption\":\"Usu AcHm W4k4\"},\"sameAs\":[\"https:\\\/\\\/achmhotels.com\"],\"url\":\"https:\\\/\\\/achmhotels.com\\\/it\\\/author\\\/usu-achm-w4k4\\\/\"}]}<\/script>\n<!-- \/ Yoast SEO plugin. -->","yoast_head_json":{"title":"Antonio Catal\u00e1n, presidente di AC Hotels by Marriott, sar\u00e0 presente a HIP 2025 - Achm","robots":{"index":"index","follow":"follow","max-snippet":"max-snippet:-1","max-image-preview":"max-image-preview:large","max-video-preview":"max-video-preview:-1"},"canonical":"https:\/\/achmhotels.com\/it\/antonio-catalan-presidente-di-ac-hotels-by-marriott-sara-presente-a-hip-2025\/","og_locale":"it_IT","og_type":"article","og_title":"Antonio Catal\u00e1n, presidente di AC Hotels by Marriott, sar\u00e0 presente a HIP 2025 - Achm","og_description":"Alla nona edizione di HIP 2025, Antonio Catal\u00e1n, presidente di ACHM Hotels by Marriott, condivider\u00e0 la sua visione sulle tendenze globali del settore alberghiero e su come innovazione e adattamento siano chiavi per il futuro dell\u2019industria.","og_url":"https:\/\/achmhotels.com\/it\/antonio-catalan-presidente-di-ac-hotels-by-marriott-sara-presente-a-hip-2025\/","og_site_name":"Achm","article_published_time":"2025-03-07T12:46:14+00:00","article_modified_time":"2025-09-17T12:32:06+00:00","og_image":[{"width":1080,"height":1080,"url":"https:\/\/achmhotels.com\/wp-content\/uploads\/2025\/05\/1741344252870.jpg","type":"image\/jpeg"}],"author":"Usu AcHm W4k4","twitter_card":"summary_large_image","twitter_misc":{"Scritto da":"Usu AcHm W4k4","Tempo di lettura stimato":"2 minuti"},"schema":{"@context":"https:\/\/schema.org","@graph":[{"@type":"Article","@id":"https:\/\/achmhotels.com\/it\/antonio-catalan-presidente-di-ac-hotels-by-marriott-sara-presente-a-hip-2025\/#article","isPartOf":{"@id":"https:\/\/achmhotels.com\/it\/antonio-catalan-presidente-di-ac-hotels-by-marriott-sara-presente-a-hip-2025\/"},"author":{"name":"Usu AcHm W4k4","@id":"https:\/\/achmhotels.com\/it\/#\/schema\/person\/a776c7468f807c9505ba13125690ab3d"},"headline":"Antonio Catal\u00e1n, presidente di AC Hotels by Marriott, sar\u00e0 presente a HIP 2025","datePublished":"2025-03-07T12:46:14+00:00","dateModified":"2025-09-17T12:32:06+00:00","mainEntityOfPage":{"@id":"https:\/\/achmhotels.com\/it\/antonio-catalan-presidente-di-ac-hotels-by-marriott-sara-presente-a-hip-2025\/"},"wordCount":292,"image":{"@id":"https:\/\/achmhotels.com\/it\/antonio-catalan-presidente-di-ac-hotels-by-marriott-sara-presente-a-hip-2025\/#primaryimage"},"thumbnailUrl":"https:\/\/achmhotels.com\/wp-content\/uploads\/2025\/05\/1741344252870.jpg","keywords":["ACHM Hotels by Marriott"],"articleSection":["Sala de prensa"],"inLanguage":"it-IT"},{"@type":"WebPage","@id":"https:\/\/achmhotels.com\/it\/antonio-catalan-presidente-di-ac-hotels-by-marriott-sara-presente-a-hip-2025\/","url":"https:\/\/achmhotels.com\/it\/antonio-catalan-presidente-di-ac-hotels-by-marriott-sara-presente-a-hip-2025\/","name":"Antonio Catal\u00e1n, presidente di AC Hotels by Marriott, sar\u00e0 presente a HIP 2025 - Achm","isPartOf":{"@id":"https:\/\/achmhotels.com\/it\/#website"},"primaryImageOfPage":{"@id":"https:\/\/achmhotels.com\/it\/antonio-catalan-presidente-di-ac-hotels-by-marriott-sara-presente-a-hip-2025\/#primaryimage"},"image":{"@id":"https:\/\/achmhotels.com\/it\/antonio-catalan-presidente-di-ac-hotels-by-marriott-sara-presente-a-hip-2025\/#primaryimage"},"thumbnailUrl":"https:\/\/achmhotels.com\/wp-content\/uploads\/2025\/05\/1741344252870.jpg","datePublished":"2025-03-07T12:46:14+00:00","dateModified":"2025-09-17T12:32:06+00:00","author":{"@id":"https:\/\/achmhotels.com\/it\/#\/schema\/person\/a776c7468f807c9505ba13125690ab3d"},"breadcrumb":{"@id":"https:\/\/achmhotels.com\/it\/antonio-catalan-presidente-di-ac-hotels-by-marriott-sara-presente-a-hip-2025\/#breadcrumb"},"inLanguage":"it-IT","potentialAction":[{"@type":"ReadAction","target":["https:\/\/achmhotels.com\/it\/antonio-catalan-presidente-di-ac-hotels-by-marriott-sara-presente-a-hip-2025\/"]}]},{"@type":"ImageObject","inLanguage":"it-IT","@id":"https:\/\/achmhotels.com\/it\/antonio-catalan-presidente-di-ac-hotels-by-marriott-sara-presente-a-hip-2025\/#primaryimage","url":"https:\/\/achmhotels.com\/wp-content\/uploads\/2025\/05\/1741344252870.jpg","contentUrl":"https:\/\/achmhotels.com\/wp-content\/uploads\/2025\/05\/1741344252870.jpg","width":1080,"height":1080,"caption":"Cartel HIP 2025"},{"@type":"BreadcrumbList","@id":"https:\/\/achmhotels.com\/it\/antonio-catalan-presidente-di-ac-hotels-by-marriott-sara-presente-a-hip-2025\/#breadcrumb","itemListElement":[{"@type":"ListItem","position":1,"name":"Portada","item":"https:\/\/achmhotels.com\/it\/"},{"@type":"ListItem","position":2,"name":"Antonio Catal\u00e1n, presidente di AC Hotels by Marriott, sar\u00e0 presente a HIP 2025"}]},{"@type":"WebSite","@id":"https:\/\/achmhotels.com\/it\/#website","url":"https:\/\/achmhotels.com\/it\/","name":"Achm","description":"","potentialAction":[{"@type":"SearchAction","target":{"@type":"EntryPoint","urlTemplate":"https:\/\/achmhotels.com\/it\/?s={search_term_string}"},"query-input":{"@type":"PropertyValueSpecification","valueRequired":true,"valueName":"search_term_string"}}],"inLanguage":"it-IT"},{"@type":"Person","@id":"https:\/\/achmhotels.com\/it\/#\/schema\/person\/a776c7468f807c9505ba13125690ab3d","name":"Usu AcHm W4k4","image":{"@type":"ImageObject","inLanguage":"it-IT","@id":"https:\/\/achmhotels.com\/wp-content\/litespeed\/avatar\/7b4d44e0a2a3c0f858a7fe0d63f1477b.jpg?ver=1776935090","url":"https:\/\/achmhotels.com\/wp-content\/litespeed\/avatar\/7b4d44e0a2a3c0f858a7fe0d63f1477b.jpg?ver=1776935090","contentUrl":"https:\/\/achmhotels.com\/wp-content\/litespeed\/avatar\/7b4d44e0a2a3c0f858a7fe0d63f1477b.jpg?ver=1776935090","caption":"Usu AcHm W4k4"},"sameAs":["https:\/\/achmhotels.com"],"url":"https:\/\/achmhotels.com\/it\/author\/usu-achm-w4k4\/"}]}},"_links":{"self":[{"href":"https:\/\/achmhotels.com\/it\/wp-json\/wp\/v2\/posts\/6041","targetHints":{"allow":["GET"]}}],"collection":[{"href":"https:\/\/achmhotels.com\/it\/wp-json\/wp\/v2\/posts"}],"about":[{"href":"https:\/\/achmhotels.com\/it\/wp-json\/wp\/v2\/types\/post"}],"author":[{"embeddable":true,"href":"https:\/\/achmhotels.com\/it\/wp-json\/wp\/v2\/users\/1"}],"replies":[{"embeddable":true,"href":"https:\/\/achmhotels.com\/it\/wp-json\/wp\/v2\/comments?post=6041"}],"version-history":[{"count":0,"href":"https:\/\/achmhotels.com\/it\/wp-json\/wp\/v2\/posts\/6041\/revisions"}],"wp:featuredmedia":[{"embeddable":true,"href":"https:\/\/achmhotels.com\/it\/wp-json\/wp\/v2\/media\/6042"}],"wp:attachment":[{"href":"https:\/\/achmhotels.com\/it\/wp-json\/wp\/v2\/media?parent=6041"}],"wp:term":[{"taxonomy":"category","embeddable":true,"href":"https:\/\/achmhotels.com\/it\/wp-json\/wp\/v2\/categories?post=6041"},{"taxonomy":"post_tag","embeddable":true,"href":"https:\/\/achmhotels.com\/it\/wp-json\/wp\/v2\/tags?post=6041"}],"curies":[{"name":"wp","href":"https:\/\/api.w.org\/{rel}","templated":true}]}}