{"id":6958,"date":"2026-02-25T16:13:38","date_gmt":"2026-02-25T15:13:38","guid":{"rendered":"https:\/\/achmhotels.com\/santo-mauro-es-arte-mostra-di-cristina-iturrioz\/"},"modified":"2026-02-25T16:13:38","modified_gmt":"2026-02-25T15:13:38","slug":"santo-mauro-es-arte-mostra-di-cristina-iturrioz","status":"publish","type":"post","link":"https:\/\/achmhotels.com\/it\/santo-mauro-es-arte-mostra-di-cristina-iturrioz\/","title":{"rendered":"Santo Mauro es Arte: mostra di Cristina Iturrioz"},"content":{"rendered":"<p data-start=\"1190\" data-end=\"1451\">Il <a href=\"https:\/\/achmhotels.com\/it\/marca\/luxury-collection-hotels\/\">Santo Mauro<\/a>, a Luxury Collection Hotel, si riconferma come punto di riferimento per l\u2019arte contemporanea con una nuova edizione di <strong data-start=\"1344\" data-end=\"1367\">Santo Mauro es Arte<\/strong>, un\u2019iniziativa che trasforma l\u2019hotel in uno spazio culturale aperto alla citt\u00e0.<\/p>\n<p data-start=\"1453\" data-end=\"1715\">Dal 20 febbraio al 9 marzo, in occasione della Settimana dell\u2019Arte di Madrid, i saloni, i giardini e le facciate dello storico palazzo ospitano una proposta artistica che invita ospiti e visitatori a scoprire l\u2019arte da una prospettiva diversa.<\/p>\n<div id=\"attachment_6553\" style=\"width: 1298px\" class=\"wp-caption aligncenter\"><img loading=\"lazy\" decoding=\"async\" aria-describedby=\"caption-attachment-6553\" class=\"wp-image-6553 size-full\" src=\"https:\/\/achmhotels.com\/wp-content\/uploads\/2026\/03\/Santo-Mauro-es-Arte.jpg\" alt=\"\" width=\"1288\" height=\"859\" srcset=\"https:\/\/achmhotels.com\/wp-content\/uploads\/2026\/03\/Santo-Mauro-es-Arte.jpg 1288w, https:\/\/achmhotels.com\/wp-content\/uploads\/2026\/03\/Santo-Mauro-es-Arte-1280x854.jpg 1280w, https:\/\/achmhotels.com\/wp-content\/uploads\/2026\/03\/Santo-Mauro-es-Arte-980x654.jpg 980w, https:\/\/achmhotels.com\/wp-content\/uploads\/2026\/03\/Santo-Mauro-es-Arte-480x320.jpg 480w\" sizes=\"(min-width: 0px) and (max-width: 480px) 480px, (min-width: 481px) and (max-width: 980px) 980px, (min-width: 981px) and (max-width: 1280px) 1280px, (min-width: 1281px) 1288px, 100vw\" \/><p id=\"caption-attachment-6553\" class=\"wp-caption-text\">\u201cLos Gigantes del Tiempo\u201d, mostra di Cristina Iturrioz<\/p><\/div>\n<h4 data-start=\"1717\" data-end=\"1781\">\u201cLos Gigantes del Tiempo\u201d, mostra di Cristina Iturrioz<\/h4>\n<p data-start=\"1783\" data-end=\"2000\">In questa edizione, l\u2019hotel presenta <strong data-start=\"1818\" data-end=\"1847\">\u201cLos Gigantes del Tiempo\u201d<\/strong>, una mostra dell\u2019artista multidisciplinare <a href=\"https:\/\/www.cristinaiturrioz.com\/\">Cristina Iturrioz<\/a>, prodotta da The Global Art Company.<\/p>\n<p data-start=\"2002\" data-end=\"2257\">Le sculture di Iturrioz dialogano con l\u2019architettura del palazzo e si integrano in modo naturale in ciascuno degli spazi. Realizzate in alluminio lucido con effetto specchio, le opere riflettono il cielo, i giardini e gli stessi visitatori. <\/p>\n<p data-start=\"2259\" data-end=\"2392\">Questo gioco di riflessi trasforma ogni spettatore in parte dell\u2019opera, creando un\u2019esperienza artistica dinamica e partecipativa.<\/p>\n<div id=\"attachment_6563\" style=\"width: 692px\" class=\"wp-caption aligncenter\"><img loading=\"lazy\" decoding=\"async\" aria-describedby=\"caption-attachment-6563\" class=\"wp-image-6563 size-large\" src=\"https:\/\/achmhotels.com\/wp-content\/uploads\/2026\/03\/Cristina-Iturrioz-682x1024.jpg\" alt=\"\" width=\"682\" height=\"1024\"><p id=\"caption-attachment-6563\" class=\"wp-caption-text\">Cristina Iturrioz<\/p><\/div>\n<h4 data-start=\"2394\" data-end=\"2455\">Un hotel dove l\u2019ospitalit\u00e0 incontra la cultura<\/h4>\n<p data-start=\"2457\" data-end=\"2626\">Con iniziative come <strong data-start=\"2478\" data-end=\"2501\">Santo Mauro es Arte, ACHM Hotels by Marriott<\/strong> riafferma la propria visione dell\u2019ospitalit\u00e0 come piattaforma culturale.<\/p>\n<p data-start=\"2628\" data-end=\"2786\">Crediamo in hotel che non solo accolgono, ma anche ispirano: spazi che si connettono con la destinazione e avvicinano il talento creativo a ospiti e visitatori. <\/p>\n<p data-start=\"2788\" data-end=\"2967\">Portare l\u2019arte fuori dalle fiere e inserirla nella quotidianit\u00e0 di chi visita l\u2019hotel \u00e8 un modo di intendere il lusso basato su autenticit\u00e0, creativit\u00e0 e connessione con la citt\u00e0.<\/p>\n<div id=\"attachment_6571\" style=\"width: 692px\" class=\"wp-caption aligncenter\"><img loading=\"lazy\" decoding=\"async\" aria-describedby=\"caption-attachment-6571\" class=\"wp-image-6571 size-large\" src=\"https:\/\/achmhotels.com\/wp-content\/uploads\/2026\/03\/Santo-MAURO-es-Arte-2-682x1024.jpg\" alt=\"\" width=\"682\" height=\"1024\"><p id=\"caption-attachment-6571\" class=\"wp-caption-text\">\u201cLos Gigantes del Tiempo\u201d, mostra di Cristina Iturrioz<\/p><\/div>\n<h4 data-start=\"2969\" data-end=\"3021\">Un invito a scoprire l\u2019arte al Santo Mauro<\/h4>\n<p data-start=\"3023\" data-end=\"3266\">Invitiamo tutti gli amanti dell\u2019arte e della cultura a scoprire questa mostra al Santo Mauro, a Luxury Collection Hotel, dove storia, architettura e creazione contemporanea si uniscono per offrire un\u2019esperienza unica durante la Settimana dell\u2019Arte di Madrid.<\/p>\n","protected":false},"excerpt":{"rendered":"<p>Il Santo Mauro, a Luxury Collection Hotel, celebra una nuova edizione di Santo Mauro es Arte. La mostra \u2018Los Gigantes del Tiempo\u2019, dell\u2019artista Cristina Iturrioz, \u00e8 una proposta che trasforma l\u2019hotel in uno spazio culturale aperto alla citt\u00e0 durante la Settimana dell\u2019Arte. <\/p>\n","protected":false},"author":15,"featured_media":6890,"comment_status":"closed","ping_status":"closed","sticky":false,"template":"","format":"standard","meta":{"_acf_changed":false,"_et_pb_use_builder":"","_et_pb_old_content":"","_et_gb_content_width":"","inline_featured_image":false,"footnotes":""},"categories":[305],"tags":[306,394,396,393,395],"class_list":["post-6958","post","type-post","status-publish","format-standard","has-post-thumbnail","hentry","category-sala-de-prensa-it","tag-achm-hotels-by-marriott-it","tag-arte-contemporanea","tag-mostre-darte","tag-santo-mauro","tag-semana-del-arte"],"acf":[],"yoast_head":"<!-- This site is optimized with the Yoast SEO plugin v27.3 - https:\/\/yoast.com\/product\/yoast-seo-wordpress\/ -->\n<title>Santo Mauro es Arte: mostra di Cristina Iturrioz - Achm<\/title>\n<meta name=\"description\" content=\"Il Santo Mauro di Madrid ospita \u2018Los Gigantes del Tiempo\u2019, la mostra di Cristina Iturrioz, nell\u2019ambito dell\u2019iniziativa Santo Mauro es Arte durante la Settimana dell\u2019Arte.\" \/>\n<meta name=\"robots\" content=\"index, follow, max-snippet:-1, max-image-preview:large, max-video-preview:-1\" \/>\n<link rel=\"canonical\" href=\"https:\/\/achmhotels.com\/it\/santo-mauro-es-arte-mostra-di-cristina-iturrioz\/\" \/>\n<meta property=\"og:locale\" content=\"it_IT\" \/>\n<meta property=\"og:type\" content=\"article\" \/>\n<meta property=\"og:title\" content=\"Santo Mauro es Arte: mostra di Cristina Iturrioz - Achm\" \/>\n<meta property=\"og:description\" content=\"Il Santo Mauro di Madrid ospita \u2018Los Gigantes del Tiempo\u2019, la mostra di Cristina Iturrioz, nell\u2019ambito dell\u2019iniziativa Santo Mauro es Arte durante la Settimana dell\u2019Arte.\" \/>\n<meta property=\"og:url\" content=\"https:\/\/achmhotels.com\/it\/santo-mauro-es-arte-mostra-di-cristina-iturrioz\/\" \/>\n<meta property=\"og:site_name\" content=\"Achm\" \/>\n<meta property=\"article:published_time\" content=\"2026-02-25T15:13:38+00:00\" \/>\n<meta property=\"og:image\" content=\"https:\/\/achmhotels.com\/wp-content\/uploads\/2026\/02\/1772037358922-PRINCIPAL.jpg\" \/>\n\t<meta property=\"og:image:width\" content=\"1344\" \/>\n\t<meta property=\"og:image:height\" content=\"896\" \/>\n\t<meta property=\"og:image:type\" content=\"image\/jpeg\" \/>\n<meta name=\"author\" content=\"Alejandro Ayala\" \/>\n<meta name=\"twitter:card\" content=\"summary_large_image\" \/>\n<meta name=\"twitter:label1\" content=\"Scritto da\" \/>\n\t<meta name=\"twitter:data1\" content=\"Alejandro Ayala\" \/>\n\t<meta name=\"twitter:label2\" content=\"Tempo di lettura stimato\" \/>\n\t<meta name=\"twitter:data2\" content=\"2 minuti\" \/>\n<script type=\"application\/ld+json\" class=\"yoast-schema-graph\">{\"@context\":\"https:\\\/\\\/schema.org\",\"@graph\":[{\"@type\":\"Article\",\"@id\":\"https:\\\/\\\/achmhotels.com\\\/it\\\/santo-mauro-es-arte-mostra-di-cristina-iturrioz\\\/#article\",\"isPartOf\":{\"@id\":\"https:\\\/\\\/achmhotels.com\\\/it\\\/santo-mauro-es-arte-mostra-di-cristina-iturrioz\\\/\"},\"author\":{\"name\":\"Alejandro Ayala\",\"@id\":\"https:\\\/\\\/achmhotels.com\\\/it\\\/#\\\/schema\\\/person\\\/bc4ebef9cade3e3e33e85dc79a3c836d\"},\"headline\":\"Santo Mauro es Arte: mostra di Cristina Iturrioz\",\"datePublished\":\"2026-02-25T15:13:38+00:00\",\"mainEntityOfPage\":{\"@id\":\"https:\\\/\\\/achmhotels.com\\\/it\\\/santo-mauro-es-arte-mostra-di-cristina-iturrioz\\\/\"},\"wordCount\":345,\"image\":{\"@id\":\"https:\\\/\\\/achmhotels.com\\\/it\\\/santo-mauro-es-arte-mostra-di-cristina-iturrioz\\\/#primaryimage\"},\"thumbnailUrl\":\"https:\\\/\\\/achmhotels.com\\\/wp-content\\\/uploads\\\/2026\\\/02\\\/1772037358922-PRINCIPAL.jpg\",\"keywords\":[\"ACHM Hotels by Marriott\",\"Arte contemporanea\",\"Mostre d\u2019arte\",\"Santo Mauro\",\"Semana del Arte\"],\"articleSection\":[\"Sala de prensa\"],\"inLanguage\":\"it-IT\"},{\"@type\":\"WebPage\",\"@id\":\"https:\\\/\\\/achmhotels.com\\\/it\\\/santo-mauro-es-arte-mostra-di-cristina-iturrioz\\\/\",\"url\":\"https:\\\/\\\/achmhotels.com\\\/it\\\/santo-mauro-es-arte-mostra-di-cristina-iturrioz\\\/\",\"name\":\"Santo Mauro es Arte: mostra di Cristina Iturrioz - Achm\",\"isPartOf\":{\"@id\":\"https:\\\/\\\/achmhotels.com\\\/it\\\/#website\"},\"primaryImageOfPage\":{\"@id\":\"https:\\\/\\\/achmhotels.com\\\/it\\\/santo-mauro-es-arte-mostra-di-cristina-iturrioz\\\/#primaryimage\"},\"image\":{\"@id\":\"https:\\\/\\\/achmhotels.com\\\/it\\\/santo-mauro-es-arte-mostra-di-cristina-iturrioz\\\/#primaryimage\"},\"thumbnailUrl\":\"https:\\\/\\\/achmhotels.com\\\/wp-content\\\/uploads\\\/2026\\\/02\\\/1772037358922-PRINCIPAL.jpg\",\"datePublished\":\"2026-02-25T15:13:38+00:00\",\"author\":{\"@id\":\"https:\\\/\\\/achmhotels.com\\\/it\\\/#\\\/schema\\\/person\\\/bc4ebef9cade3e3e33e85dc79a3c836d\"},\"description\":\"Il Santo Mauro di Madrid ospita \u2018Los Gigantes del Tiempo\u2019, la mostra di Cristina Iturrioz, nell\u2019ambito dell\u2019iniziativa Santo Mauro es Arte durante la Settimana dell\u2019Arte.\",\"breadcrumb\":{\"@id\":\"https:\\\/\\\/achmhotels.com\\\/it\\\/santo-mauro-es-arte-mostra-di-cristina-iturrioz\\\/#breadcrumb\"},\"inLanguage\":\"it-IT\",\"potentialAction\":[{\"@type\":\"ReadAction\",\"target\":[\"https:\\\/\\\/achmhotels.com\\\/it\\\/santo-mauro-es-arte-mostra-di-cristina-iturrioz\\\/\"]}]},{\"@type\":\"ImageObject\",\"inLanguage\":\"it-IT\",\"@id\":\"https:\\\/\\\/achmhotels.com\\\/it\\\/santo-mauro-es-arte-mostra-di-cristina-iturrioz\\\/#primaryimage\",\"url\":\"https:\\\/\\\/achmhotels.com\\\/wp-content\\\/uploads\\\/2026\\\/02\\\/1772037358922-PRINCIPAL.jpg\",\"contentUrl\":\"https:\\\/\\\/achmhotels.com\\\/wp-content\\\/uploads\\\/2026\\\/02\\\/1772037358922-PRINCIPAL.jpg\",\"width\":1344,\"height\":896},{\"@type\":\"BreadcrumbList\",\"@id\":\"https:\\\/\\\/achmhotels.com\\\/it\\\/santo-mauro-es-arte-mostra-di-cristina-iturrioz\\\/#breadcrumb\",\"itemListElement\":[{\"@type\":\"ListItem\",\"position\":1,\"name\":\"Portada\",\"item\":\"https:\\\/\\\/achmhotels.com\\\/it\\\/\"},{\"@type\":\"ListItem\",\"position\":2,\"name\":\"Santo Mauro es Arte: mostra di Cristina Iturrioz\"}]},{\"@type\":\"WebSite\",\"@id\":\"https:\\\/\\\/achmhotels.com\\\/it\\\/#website\",\"url\":\"https:\\\/\\\/achmhotels.com\\\/it\\\/\",\"name\":\"Achm\",\"description\":\"\",\"potentialAction\":[{\"@type\":\"SearchAction\",\"target\":{\"@type\":\"EntryPoint\",\"urlTemplate\":\"https:\\\/\\\/achmhotels.com\\\/it\\\/?s={search_term_string}\"},\"query-input\":{\"@type\":\"PropertyValueSpecification\",\"valueRequired\":true,\"valueName\":\"search_term_string\"}}],\"inLanguage\":\"it-IT\"},{\"@type\":\"Person\",\"@id\":\"https:\\\/\\\/achmhotels.com\\\/it\\\/#\\\/schema\\\/person\\\/bc4ebef9cade3e3e33e85dc79a3c836d\",\"name\":\"Alejandro Ayala\",\"image\":{\"@type\":\"ImageObject\",\"inLanguage\":\"it-IT\",\"@id\":\"https:\\\/\\\/achmhotels.com\\\/wp-content\\\/litespeed\\\/avatar\\\/7ef3d7ad87a051190441171f9a2ae5b5.jpg?ver=1777546220\",\"url\":\"https:\\\/\\\/achmhotels.com\\\/wp-content\\\/litespeed\\\/avatar\\\/7ef3d7ad87a051190441171f9a2ae5b5.jpg?ver=1777546220\",\"contentUrl\":\"https:\\\/\\\/achmhotels.com\\\/wp-content\\\/litespeed\\\/avatar\\\/7ef3d7ad87a051190441171f9a2ae5b5.jpg?ver=1777546220\",\"caption\":\"Alejandro Ayala\"},\"url\":\"https:\\\/\\\/achmhotels.com\\\/it\\\/author\\\/alejandro\\\/\"}]}<\/script>\n<!-- \/ Yoast SEO plugin. -->","yoast_head_json":{"title":"Santo Mauro es Arte: mostra di Cristina Iturrioz - Achm","description":"Il Santo Mauro di Madrid ospita \u2018Los Gigantes del Tiempo\u2019, la mostra di Cristina Iturrioz, nell\u2019ambito dell\u2019iniziativa Santo Mauro es Arte durante la Settimana dell\u2019Arte.","robots":{"index":"index","follow":"follow","max-snippet":"max-snippet:-1","max-image-preview":"max-image-preview:large","max-video-preview":"max-video-preview:-1"},"canonical":"https:\/\/achmhotels.com\/it\/santo-mauro-es-arte-mostra-di-cristina-iturrioz\/","og_locale":"it_IT","og_type":"article","og_title":"Santo Mauro es Arte: mostra di Cristina Iturrioz - Achm","og_description":"Il Santo Mauro di Madrid ospita \u2018Los Gigantes del Tiempo\u2019, la mostra di Cristina Iturrioz, nell\u2019ambito dell\u2019iniziativa Santo Mauro es Arte durante la Settimana dell\u2019Arte.","og_url":"https:\/\/achmhotels.com\/it\/santo-mauro-es-arte-mostra-di-cristina-iturrioz\/","og_site_name":"Achm","article_published_time":"2026-02-25T15:13:38+00:00","og_image":[{"width":1344,"height":896,"url":"https:\/\/achmhotels.com\/wp-content\/uploads\/2026\/02\/1772037358922-PRINCIPAL.jpg","type":"image\/jpeg"}],"author":"Alejandro Ayala","twitter_card":"summary_large_image","twitter_misc":{"Scritto da":"Alejandro Ayala","Tempo di lettura stimato":"2 minuti"},"schema":{"@context":"https:\/\/schema.org","@graph":[{"@type":"Article","@id":"https:\/\/achmhotels.com\/it\/santo-mauro-es-arte-mostra-di-cristina-iturrioz\/#article","isPartOf":{"@id":"https:\/\/achmhotels.com\/it\/santo-mauro-es-arte-mostra-di-cristina-iturrioz\/"},"author":{"name":"Alejandro Ayala","@id":"https:\/\/achmhotels.com\/it\/#\/schema\/person\/bc4ebef9cade3e3e33e85dc79a3c836d"},"headline":"Santo Mauro es Arte: mostra di Cristina Iturrioz","datePublished":"2026-02-25T15:13:38+00:00","mainEntityOfPage":{"@id":"https:\/\/achmhotels.com\/it\/santo-mauro-es-arte-mostra-di-cristina-iturrioz\/"},"wordCount":345,"image":{"@id":"https:\/\/achmhotels.com\/it\/santo-mauro-es-arte-mostra-di-cristina-iturrioz\/#primaryimage"},"thumbnailUrl":"https:\/\/achmhotels.com\/wp-content\/uploads\/2026\/02\/1772037358922-PRINCIPAL.jpg","keywords":["ACHM Hotels by Marriott","Arte contemporanea","Mostre d\u2019arte","Santo Mauro","Semana del Arte"],"articleSection":["Sala de prensa"],"inLanguage":"it-IT"},{"@type":"WebPage","@id":"https:\/\/achmhotels.com\/it\/santo-mauro-es-arte-mostra-di-cristina-iturrioz\/","url":"https:\/\/achmhotels.com\/it\/santo-mauro-es-arte-mostra-di-cristina-iturrioz\/","name":"Santo Mauro es Arte: mostra di Cristina Iturrioz - Achm","isPartOf":{"@id":"https:\/\/achmhotels.com\/it\/#website"},"primaryImageOfPage":{"@id":"https:\/\/achmhotels.com\/it\/santo-mauro-es-arte-mostra-di-cristina-iturrioz\/#primaryimage"},"image":{"@id":"https:\/\/achmhotels.com\/it\/santo-mauro-es-arte-mostra-di-cristina-iturrioz\/#primaryimage"},"thumbnailUrl":"https:\/\/achmhotels.com\/wp-content\/uploads\/2026\/02\/1772037358922-PRINCIPAL.jpg","datePublished":"2026-02-25T15:13:38+00:00","author":{"@id":"https:\/\/achmhotels.com\/it\/#\/schema\/person\/bc4ebef9cade3e3e33e85dc79a3c836d"},"description":"Il Santo Mauro di Madrid ospita \u2018Los Gigantes del Tiempo\u2019, la mostra di Cristina Iturrioz, nell\u2019ambito dell\u2019iniziativa Santo Mauro es Arte durante la Settimana dell\u2019Arte.","breadcrumb":{"@id":"https:\/\/achmhotels.com\/it\/santo-mauro-es-arte-mostra-di-cristina-iturrioz\/#breadcrumb"},"inLanguage":"it-IT","potentialAction":[{"@type":"ReadAction","target":["https:\/\/achmhotels.com\/it\/santo-mauro-es-arte-mostra-di-cristina-iturrioz\/"]}]},{"@type":"ImageObject","inLanguage":"it-IT","@id":"https:\/\/achmhotels.com\/it\/santo-mauro-es-arte-mostra-di-cristina-iturrioz\/#primaryimage","url":"https:\/\/achmhotels.com\/wp-content\/uploads\/2026\/02\/1772037358922-PRINCIPAL.jpg","contentUrl":"https:\/\/achmhotels.com\/wp-content\/uploads\/2026\/02\/1772037358922-PRINCIPAL.jpg","width":1344,"height":896},{"@type":"BreadcrumbList","@id":"https:\/\/achmhotels.com\/it\/santo-mauro-es-arte-mostra-di-cristina-iturrioz\/#breadcrumb","itemListElement":[{"@type":"ListItem","position":1,"name":"Portada","item":"https:\/\/achmhotels.com\/it\/"},{"@type":"ListItem","position":2,"name":"Santo Mauro es Arte: mostra di Cristina Iturrioz"}]},{"@type":"WebSite","@id":"https:\/\/achmhotels.com\/it\/#website","url":"https:\/\/achmhotels.com\/it\/","name":"Achm","description":"","potentialAction":[{"@type":"SearchAction","target":{"@type":"EntryPoint","urlTemplate":"https:\/\/achmhotels.com\/it\/?s={search_term_string}"},"query-input":{"@type":"PropertyValueSpecification","valueRequired":true,"valueName":"search_term_string"}}],"inLanguage":"it-IT"},{"@type":"Person","@id":"https:\/\/achmhotels.com\/it\/#\/schema\/person\/bc4ebef9cade3e3e33e85dc79a3c836d","name":"Alejandro Ayala","image":{"@type":"ImageObject","inLanguage":"it-IT","@id":"https:\/\/achmhotels.com\/wp-content\/litespeed\/avatar\/7ef3d7ad87a051190441171f9a2ae5b5.jpg?ver=1777546220","url":"https:\/\/achmhotels.com\/wp-content\/litespeed\/avatar\/7ef3d7ad87a051190441171f9a2ae5b5.jpg?ver=1777546220","contentUrl":"https:\/\/achmhotels.com\/wp-content\/litespeed\/avatar\/7ef3d7ad87a051190441171f9a2ae5b5.jpg?ver=1777546220","caption":"Alejandro Ayala"},"url":"https:\/\/achmhotels.com\/it\/author\/alejandro\/"}]}},"_links":{"self":[{"href":"https:\/\/achmhotels.com\/it\/wp-json\/wp\/v2\/posts\/6958","targetHints":{"allow":["GET"]}}],"collection":[{"href":"https:\/\/achmhotels.com\/it\/wp-json\/wp\/v2\/posts"}],"about":[{"href":"https:\/\/achmhotels.com\/it\/wp-json\/wp\/v2\/types\/post"}],"author":[{"embeddable":true,"href":"https:\/\/achmhotels.com\/it\/wp-json\/wp\/v2\/users\/15"}],"replies":[{"embeddable":true,"href":"https:\/\/achmhotels.com\/it\/wp-json\/wp\/v2\/comments?post=6958"}],"version-history":[{"count":0,"href":"https:\/\/achmhotels.com\/it\/wp-json\/wp\/v2\/posts\/6958\/revisions"}],"wp:featuredmedia":[{"embeddable":true,"href":"https:\/\/achmhotels.com\/it\/wp-json\/wp\/v2\/media\/6890"}],"wp:attachment":[{"href":"https:\/\/achmhotels.com\/it\/wp-json\/wp\/v2\/media?parent=6958"}],"wp:term":[{"taxonomy":"category","embeddable":true,"href":"https:\/\/achmhotels.com\/it\/wp-json\/wp\/v2\/categories?post=6958"},{"taxonomy":"post_tag","embeddable":true,"href":"https:\/\/achmhotels.com\/it\/wp-json\/wp\/v2\/tags?post=6958"}],"curies":[{"name":"wp","href":"https:\/\/api.w.org\/{rel}","templated":true}]}}