{"id":6962,"date":"2026-02-27T13:56:44","date_gmt":"2026-02-27T12:56:44","guid":{"rendered":"https:\/\/achmhotels.com\/antonio-catalan-partecipa-a-jaen-co-2026-e-affronta-leadership-e-talento-nel-settore-alberghiero\/"},"modified":"2026-02-27T13:56:44","modified_gmt":"2026-02-27T12:56:44","slug":"antonio-catalan-partecipa-a-jaen-co-2026-e-affronta-leadership-e-talento-nel-settore-alberghiero","status":"publish","type":"post","link":"https:\/\/achmhotels.com\/it\/antonio-catalan-partecipa-a-jaen-co-2026-e-affronta-leadership-e-talento-nel-settore-alberghiero\/","title":{"rendered":"Antonio Catal\u00e1n partecipa a Ja\u00e9n &amp; Co. 2026 e affronta leadership e talento nel settore alberghiero"},"content":{"rendered":"<p data-start=\"1143\" data-end=\"1383\">La quarta edizione del forum imprenditoriale <strong data-start=\"1182\" data-end=\"1201\"><a href=\"https:\/\/www.jaenandco.com\/\">Ja\u00e9n &amp; Co. 2026<\/a><\/strong> si \u00e8 tenuta ieri, consolidandosi come uno spazio di riferimento per lo sviluppo aziendale, lo scambio di conoscenze e la creazione di sinergie nella provincia di Ja\u00e9n.<\/p>\n<p data-start=\"1385\" data-end=\"1611\">Tra i relatori invitati si \u00e8 distinta la partecipazione di <a href=\"https:\/\/achmhotels.com\/it\/chi-siamo\/\">Antonio Catal\u00e1n<\/a>, Presidente di <strong data-start=\"1442\" data-end=\"1500\">ACHM Hotels by Marriott<\/strong>, che ha condiviso la sua esperienza e visione su leadership, gestione del talento ed evoluzione del settore alberghiero.<\/p>\n<p data-start=\"1385\" data-end=\"1611\"><img loading=\"lazy\" decoding=\"async\" class=\"aligncenter wp-image-6525 size-large\" src=\"https:\/\/achmhotels.com\/wp-content\/uploads\/2026\/03\/1772182574990-718x1024.jpg\" alt=\"\" width=\"718\" height=\"1024\"><\/p>\n<h4 data-start=\"1613\" data-end=\"1666\">Leadership e talento come motori di trasformazione<\/h4>\n<p data-start=\"1668\" data-end=\"1871\">Durante il suo intervento a Ja\u00e9n &amp; Co. 2026, Antonio Catal\u00e1n ha sottolineato l\u2019importanza di costruire organizzazioni solide attraverso una forte cultura aziendale e una leadership centrata sulle persone.<\/p>\n<p data-start=\"1873\" data-end=\"2179\">Il Presidente di ACHM Hotels by Marriott ha evidenziato che il vero motore della trasformazione in qualsiasi azienda \u00e8 il talento. In questo senso, ha ribadito la necessit\u00e0 di investire in team coinvolti, capaci di adattarsi ai cambiamenti del mercato e di promuovere l\u2019innovazione all\u2019interno delle organizzazioni. <\/p>\n<p data-start=\"2181\" data-end=\"2353\">Ha inoltre condiviso la sua visione sull\u2019evoluzione del settore alberghiero e sul ruolo chiave che le persone svolgono nella creazione di esperienze memorabili per i clienti.<\/p>\n<h4 data-start=\"2355\" data-end=\"2410\">Un modello basato su eccellenza, innovazione e talento<\/h4>\n<p data-start=\"2412\" data-end=\"2638\"><strong data-start=\"2418\" data-end=\"2445\">ACHM Hotels by Marriott<\/strong>, la principale societ\u00e0 di gestione alberghiera dell\u2019Europa meridionale, promuove un modello di gestione basato su tre pilastri fondamentali: eccellenza operativa, innovazione continua e sviluppo del talento.<\/p>\n<p data-start=\"2640\" data-end=\"2798\">Questo approccio consente all\u2019azienda di continuare a crescere nei mercati in cui opera, contribuendo al contempo allo sviluppo economico e turistico delle destinazioni.<\/p>\n<p data-start=\"2800\" data-end=\"2963\">Una leadership vicina, esigente e orientata ai risultati fa parte del DNA dell\u2019azienda e si riflette nel suo impegno verso il talento e la formazione dei team.<\/p>\n<p data-start=\"2800\" data-end=\"2963\"><img loading=\"lazy\" decoding=\"async\" class=\"aligncenter wp-image-6517 size-large\" title=\"Foro Jaen&amp;Co 2026\" src=\"https:\/\/achmhotels.com\/wp-content\/uploads\/2026\/03\/WhatsApp-Image-2026-02-27-at-09.52.55-1-768x1024.jpeg\" alt=\"\" width=\"768\" height=\"1024\"><\/p>\n<h4 data-start=\"2965\" data-end=\"3025\">Uno spazio di dialogo per rafforzare il tessuto imprenditoriale<\/h4>\n<p data-start=\"3027\" data-end=\"3231\">L\u2019incontro ha visto anche la partecipazione di altri leader aziendali, come <strong data-start=\"3112\" data-end=\"3142\">Diego Anto\u00f1anzas de Toledo e Jos\u00e9 El\u00edas Navarro<\/strong>, generando un arricchente scambio di idee e prospettive.<\/p>\n<p data-start=\"3233\" data-end=\"3453\">ACHM Hotels by Marriott desidera ringraziare l\u2019organizzazione di Ja\u00e9n &amp; Co. per aver creato uno spazio di dialogo di alto livello che contribuisce a rafforzare il tessuto imprenditoriale e favorisce la collaborazione tra settori.<\/p>\n<p data-start=\"3455\" data-end=\"3664\">Iniziative di questo tipo permettono di condividere conoscenze, promuovere una leadership responsabile e incentivare la cooperazione tra imprese per continuare a costruire un ecosistema imprenditoriale pi\u00f9 solido e competitivo.<\/p>\n","protected":false},"excerpt":{"rendered":"<p>Antonio Catal\u00e1n, Presidente di ACHM Hotels by Marriott, ha partecipato come relatore alla quarta edizione del forum imprenditoriale Ja\u00e9n &amp; Co. 2026, dove ha affrontato temi come leadership, gestione del talento ed evoluzione del settore alberghiero.<\/p>\n","protected":false},"author":9,"featured_media":6005,"comment_status":"closed","ping_status":"closed","sticky":false,"template":"","format":"standard","meta":{"_acf_changed":false,"_et_pb_use_builder":"","_et_pb_old_content":"","_et_gb_content_width":"","inline_featured_image":false,"footnotes":""},"categories":[305],"tags":[306,400,403,401,402],"class_list":["post-6962","post","type-post","status-publish","format-standard","has-post-thumbnail","hentry","category-sala-de-prensa-it","tag-achm-hotels-by-marriott-it","tag-antonio-catalan","tag-forum","tag-gestora-hotelera","tag-leadership"],"acf":[],"yoast_head":"<!-- This site is optimized with the Yoast SEO plugin v27.3 - https:\/\/yoast.com\/product\/yoast-seo-wordpress\/ -->\n<title>Antonio Catal\u00e1n partecipa a Ja\u00e9n &amp; Co. 2026 e affronta leadership e talento nel settore alberghiero - Achm<\/title>\n<meta name=\"description\" content=\"Antonio Catal\u00e1n partecipa a Ja\u00e9n &amp; Co. 2026 e condivide la sua visione su leadership, talento e futuro del settore alberghiero.\" \/>\n<meta name=\"robots\" content=\"index, follow, max-snippet:-1, max-image-preview:large, max-video-preview:-1\" \/>\n<link rel=\"canonical\" href=\"https:\/\/achmhotels.com\/it\/antonio-catalan-partecipa-a-jaen-co-2026-e-affronta-leadership-e-talento-nel-settore-alberghiero\/\" \/>\n<meta property=\"og:locale\" content=\"it_IT\" \/>\n<meta property=\"og:type\" content=\"article\" \/>\n<meta property=\"og:title\" content=\"Antonio Catal\u00e1n partecipa a Ja\u00e9n &amp; Co. 2026 e affronta leadership e talento nel settore alberghiero - Achm\" \/>\n<meta property=\"og:description\" content=\"Antonio Catal\u00e1n partecipa a Ja\u00e9n &amp; Co. 2026 e condivide la sua visione su leadership, talento e futuro del settore alberghiero.\" \/>\n<meta property=\"og:url\" content=\"https:\/\/achmhotels.com\/it\/antonio-catalan-partecipa-a-jaen-co-2026-e-affronta-leadership-e-talento-nel-settore-alberghiero\/\" \/>\n<meta property=\"og:site_name\" content=\"Achm\" \/>\n<meta property=\"article:published_time\" content=\"2026-02-27T12:56:44+00:00\" \/>\n<meta property=\"og:image\" content=\"https:\/\/achmhotels.com\/wp-content\/uploads\/2025\/04\/antonio-final-03-scaled-e1744367863473.jpg\" \/>\n\t<meta property=\"og:image:width\" content=\"1707\" \/>\n\t<meta property=\"og:image:height\" content=\"1446\" \/>\n\t<meta property=\"og:image:type\" content=\"image\/jpeg\" \/>\n<meta name=\"author\" content=\"Javier Garc\u00eda\" \/>\n<meta name=\"twitter:card\" content=\"summary_large_image\" \/>\n<meta name=\"twitter:label1\" content=\"Scritto da\" \/>\n\t<meta name=\"twitter:data1\" content=\"Javier Garc\u00eda\" \/>\n\t<meta name=\"twitter:label2\" content=\"Tempo di lettura stimato\" \/>\n\t<meta name=\"twitter:data2\" content=\"2 minuti\" \/>\n<script type=\"application\/ld+json\" class=\"yoast-schema-graph\">{\"@context\":\"https:\\\/\\\/schema.org\",\"@graph\":[{\"@type\":\"Article\",\"@id\":\"https:\\\/\\\/achmhotels.com\\\/it\\\/antonio-catalan-partecipa-a-jaen-co-2026-e-affronta-leadership-e-talento-nel-settore-alberghiero\\\/#article\",\"isPartOf\":{\"@id\":\"https:\\\/\\\/achmhotels.com\\\/it\\\/antonio-catalan-partecipa-a-jaen-co-2026-e-affronta-leadership-e-talento-nel-settore-alberghiero\\\/\"},\"author\":{\"name\":\"Javier Garc\u00eda\",\"@id\":\"https:\\\/\\\/achmhotels.com\\\/it\\\/#\\\/schema\\\/person\\\/58a8e53365afee14ed80c52af868928f\"},\"headline\":\"Antonio Catal\u00e1n partecipa a Ja\u00e9n &amp; Co. 2026 e affronta leadership e talento nel settore alberghiero\",\"datePublished\":\"2026-02-27T12:56:44+00:00\",\"mainEntityOfPage\":{\"@id\":\"https:\\\/\\\/achmhotels.com\\\/it\\\/antonio-catalan-partecipa-a-jaen-co-2026-e-affronta-leadership-e-talento-nel-settore-alberghiero\\\/\"},\"wordCount\":398,\"image\":{\"@id\":\"https:\\\/\\\/achmhotels.com\\\/it\\\/antonio-catalan-partecipa-a-jaen-co-2026-e-affronta-leadership-e-talento-nel-settore-alberghiero\\\/#primaryimage\"},\"thumbnailUrl\":\"https:\\\/\\\/achmhotels.com\\\/wp-content\\\/uploads\\\/2025\\\/04\\\/antonio-final-03-scaled-e1744367863473.jpg\",\"keywords\":[\"ACHM Hotels by Marriott\",\"Antonio Catal\u00e1n\",\"Forum\",\"Gestora Hotelera\",\"Leadership\"],\"articleSection\":[\"Sala de prensa\"],\"inLanguage\":\"it-IT\"},{\"@type\":\"WebPage\",\"@id\":\"https:\\\/\\\/achmhotels.com\\\/it\\\/antonio-catalan-partecipa-a-jaen-co-2026-e-affronta-leadership-e-talento-nel-settore-alberghiero\\\/\",\"url\":\"https:\\\/\\\/achmhotels.com\\\/it\\\/antonio-catalan-partecipa-a-jaen-co-2026-e-affronta-leadership-e-talento-nel-settore-alberghiero\\\/\",\"name\":\"Antonio Catal\u00e1n partecipa a Ja\u00e9n &amp; Co. 2026 e affronta leadership e talento nel settore alberghiero - Achm\",\"isPartOf\":{\"@id\":\"https:\\\/\\\/achmhotels.com\\\/it\\\/#website\"},\"primaryImageOfPage\":{\"@id\":\"https:\\\/\\\/achmhotels.com\\\/it\\\/antonio-catalan-partecipa-a-jaen-co-2026-e-affronta-leadership-e-talento-nel-settore-alberghiero\\\/#primaryimage\"},\"image\":{\"@id\":\"https:\\\/\\\/achmhotels.com\\\/it\\\/antonio-catalan-partecipa-a-jaen-co-2026-e-affronta-leadership-e-talento-nel-settore-alberghiero\\\/#primaryimage\"},\"thumbnailUrl\":\"https:\\\/\\\/achmhotels.com\\\/wp-content\\\/uploads\\\/2025\\\/04\\\/antonio-final-03-scaled-e1744367863473.jpg\",\"datePublished\":\"2026-02-27T12:56:44+00:00\",\"author\":{\"@id\":\"https:\\\/\\\/achmhotels.com\\\/it\\\/#\\\/schema\\\/person\\\/58a8e53365afee14ed80c52af868928f\"},\"description\":\"Antonio Catal\u00e1n partecipa a Ja\u00e9n & Co. 2026 e condivide la sua visione su leadership, talento e futuro del settore alberghiero.\",\"breadcrumb\":{\"@id\":\"https:\\\/\\\/achmhotels.com\\\/it\\\/antonio-catalan-partecipa-a-jaen-co-2026-e-affronta-leadership-e-talento-nel-settore-alberghiero\\\/#breadcrumb\"},\"inLanguage\":\"it-IT\",\"potentialAction\":[{\"@type\":\"ReadAction\",\"target\":[\"https:\\\/\\\/achmhotels.com\\\/it\\\/antonio-catalan-partecipa-a-jaen-co-2026-e-affronta-leadership-e-talento-nel-settore-alberghiero\\\/\"]}]},{\"@type\":\"ImageObject\",\"inLanguage\":\"it-IT\",\"@id\":\"https:\\\/\\\/achmhotels.com\\\/it\\\/antonio-catalan-partecipa-a-jaen-co-2026-e-affronta-leadership-e-talento-nel-settore-alberghiero\\\/#primaryimage\",\"url\":\"https:\\\/\\\/achmhotels.com\\\/wp-content\\\/uploads\\\/2025\\\/04\\\/antonio-final-03-scaled-e1744367863473.jpg\",\"contentUrl\":\"https:\\\/\\\/achmhotels.com\\\/wp-content\\\/uploads\\\/2025\\\/04\\\/antonio-final-03-scaled-e1744367863473.jpg\",\"width\":1707,\"height\":1446},{\"@type\":\"BreadcrumbList\",\"@id\":\"https:\\\/\\\/achmhotels.com\\\/it\\\/antonio-catalan-partecipa-a-jaen-co-2026-e-affronta-leadership-e-talento-nel-settore-alberghiero\\\/#breadcrumb\",\"itemListElement\":[{\"@type\":\"ListItem\",\"position\":1,\"name\":\"Portada\",\"item\":\"https:\\\/\\\/achmhotels.com\\\/it\\\/\"},{\"@type\":\"ListItem\",\"position\":2,\"name\":\"Antonio Catal\u00e1n partecipa a Ja\u00e9n &amp; Co. 2026 e affronta leadership e talento nel settore alberghiero\"}]},{\"@type\":\"WebSite\",\"@id\":\"https:\\\/\\\/achmhotels.com\\\/it\\\/#website\",\"url\":\"https:\\\/\\\/achmhotels.com\\\/it\\\/\",\"name\":\"Achm\",\"description\":\"\",\"potentialAction\":[{\"@type\":\"SearchAction\",\"target\":{\"@type\":\"EntryPoint\",\"urlTemplate\":\"https:\\\/\\\/achmhotels.com\\\/it\\\/?s={search_term_string}\"},\"query-input\":{\"@type\":\"PropertyValueSpecification\",\"valueRequired\":true,\"valueName\":\"search_term_string\"}}],\"inLanguage\":\"it-IT\"},{\"@type\":\"Person\",\"@id\":\"https:\\\/\\\/achmhotels.com\\\/it\\\/#\\\/schema\\\/person\\\/58a8e53365afee14ed80c52af868928f\",\"name\":\"Javier Garc\u00eda\",\"image\":{\"@type\":\"ImageObject\",\"inLanguage\":\"it-IT\",\"@id\":\"https:\\\/\\\/achmhotels.com\\\/wp-content\\\/litespeed\\\/avatar\\\/1656530746827a88ea877da209d95d6e.jpg?ver=1777518177\",\"url\":\"https:\\\/\\\/achmhotels.com\\\/wp-content\\\/litespeed\\\/avatar\\\/1656530746827a88ea877da209d95d6e.jpg?ver=1777518177\",\"contentUrl\":\"https:\\\/\\\/achmhotels.com\\\/wp-content\\\/litespeed\\\/avatar\\\/1656530746827a88ea877da209d95d6e.jpg?ver=1777518177\",\"caption\":\"Javier Garc\u00eda\"},\"url\":\"https:\\\/\\\/achmhotels.com\\\/it\\\/author\\\/javier\\\/\"}]}<\/script>\n<!-- \/ Yoast SEO plugin. -->","yoast_head_json":{"title":"Antonio Catal\u00e1n partecipa a Ja\u00e9n &amp; Co. 2026 e affronta leadership e talento nel settore alberghiero - Achm","description":"Antonio Catal\u00e1n partecipa a Ja\u00e9n & Co. 2026 e condivide la sua visione su leadership, talento e futuro del settore alberghiero.","robots":{"index":"index","follow":"follow","max-snippet":"max-snippet:-1","max-image-preview":"max-image-preview:large","max-video-preview":"max-video-preview:-1"},"canonical":"https:\/\/achmhotels.com\/it\/antonio-catalan-partecipa-a-jaen-co-2026-e-affronta-leadership-e-talento-nel-settore-alberghiero\/","og_locale":"it_IT","og_type":"article","og_title":"Antonio Catal\u00e1n partecipa a Ja\u00e9n &amp; Co. 2026 e affronta leadership e talento nel settore alberghiero - Achm","og_description":"Antonio Catal\u00e1n partecipa a Ja\u00e9n & Co. 2026 e condivide la sua visione su leadership, talento e futuro del settore alberghiero.","og_url":"https:\/\/achmhotels.com\/it\/antonio-catalan-partecipa-a-jaen-co-2026-e-affronta-leadership-e-talento-nel-settore-alberghiero\/","og_site_name":"Achm","article_published_time":"2026-02-27T12:56:44+00:00","og_image":[{"width":1707,"height":1446,"url":"https:\/\/achmhotels.com\/wp-content\/uploads\/2025\/04\/antonio-final-03-scaled-e1744367863473.jpg","type":"image\/jpeg"}],"author":"Javier Garc\u00eda","twitter_card":"summary_large_image","twitter_misc":{"Scritto da":"Javier Garc\u00eda","Tempo di lettura stimato":"2 minuti"},"schema":{"@context":"https:\/\/schema.org","@graph":[{"@type":"Article","@id":"https:\/\/achmhotels.com\/it\/antonio-catalan-partecipa-a-jaen-co-2026-e-affronta-leadership-e-talento-nel-settore-alberghiero\/#article","isPartOf":{"@id":"https:\/\/achmhotels.com\/it\/antonio-catalan-partecipa-a-jaen-co-2026-e-affronta-leadership-e-talento-nel-settore-alberghiero\/"},"author":{"name":"Javier Garc\u00eda","@id":"https:\/\/achmhotels.com\/it\/#\/schema\/person\/58a8e53365afee14ed80c52af868928f"},"headline":"Antonio Catal\u00e1n partecipa a Ja\u00e9n &amp; Co. 2026 e affronta leadership e talento nel settore alberghiero","datePublished":"2026-02-27T12:56:44+00:00","mainEntityOfPage":{"@id":"https:\/\/achmhotels.com\/it\/antonio-catalan-partecipa-a-jaen-co-2026-e-affronta-leadership-e-talento-nel-settore-alberghiero\/"},"wordCount":398,"image":{"@id":"https:\/\/achmhotels.com\/it\/antonio-catalan-partecipa-a-jaen-co-2026-e-affronta-leadership-e-talento-nel-settore-alberghiero\/#primaryimage"},"thumbnailUrl":"https:\/\/achmhotels.com\/wp-content\/uploads\/2025\/04\/antonio-final-03-scaled-e1744367863473.jpg","keywords":["ACHM Hotels by Marriott","Antonio Catal\u00e1n","Forum","Gestora Hotelera","Leadership"],"articleSection":["Sala de prensa"],"inLanguage":"it-IT"},{"@type":"WebPage","@id":"https:\/\/achmhotels.com\/it\/antonio-catalan-partecipa-a-jaen-co-2026-e-affronta-leadership-e-talento-nel-settore-alberghiero\/","url":"https:\/\/achmhotels.com\/it\/antonio-catalan-partecipa-a-jaen-co-2026-e-affronta-leadership-e-talento-nel-settore-alberghiero\/","name":"Antonio Catal\u00e1n partecipa a Ja\u00e9n &amp; Co. 2026 e affronta leadership e talento nel settore alberghiero - Achm","isPartOf":{"@id":"https:\/\/achmhotels.com\/it\/#website"},"primaryImageOfPage":{"@id":"https:\/\/achmhotels.com\/it\/antonio-catalan-partecipa-a-jaen-co-2026-e-affronta-leadership-e-talento-nel-settore-alberghiero\/#primaryimage"},"image":{"@id":"https:\/\/achmhotels.com\/it\/antonio-catalan-partecipa-a-jaen-co-2026-e-affronta-leadership-e-talento-nel-settore-alberghiero\/#primaryimage"},"thumbnailUrl":"https:\/\/achmhotels.com\/wp-content\/uploads\/2025\/04\/antonio-final-03-scaled-e1744367863473.jpg","datePublished":"2026-02-27T12:56:44+00:00","author":{"@id":"https:\/\/achmhotels.com\/it\/#\/schema\/person\/58a8e53365afee14ed80c52af868928f"},"description":"Antonio Catal\u00e1n partecipa a Ja\u00e9n & Co. 2026 e condivide la sua visione su leadership, talento e futuro del settore alberghiero.","breadcrumb":{"@id":"https:\/\/achmhotels.com\/it\/antonio-catalan-partecipa-a-jaen-co-2026-e-affronta-leadership-e-talento-nel-settore-alberghiero\/#breadcrumb"},"inLanguage":"it-IT","potentialAction":[{"@type":"ReadAction","target":["https:\/\/achmhotels.com\/it\/antonio-catalan-partecipa-a-jaen-co-2026-e-affronta-leadership-e-talento-nel-settore-alberghiero\/"]}]},{"@type":"ImageObject","inLanguage":"it-IT","@id":"https:\/\/achmhotels.com\/it\/antonio-catalan-partecipa-a-jaen-co-2026-e-affronta-leadership-e-talento-nel-settore-alberghiero\/#primaryimage","url":"https:\/\/achmhotels.com\/wp-content\/uploads\/2025\/04\/antonio-final-03-scaled-e1744367863473.jpg","contentUrl":"https:\/\/achmhotels.com\/wp-content\/uploads\/2025\/04\/antonio-final-03-scaled-e1744367863473.jpg","width":1707,"height":1446},{"@type":"BreadcrumbList","@id":"https:\/\/achmhotels.com\/it\/antonio-catalan-partecipa-a-jaen-co-2026-e-affronta-leadership-e-talento-nel-settore-alberghiero\/#breadcrumb","itemListElement":[{"@type":"ListItem","position":1,"name":"Portada","item":"https:\/\/achmhotels.com\/it\/"},{"@type":"ListItem","position":2,"name":"Antonio Catal\u00e1n partecipa a Ja\u00e9n &amp; Co. 2026 e affronta leadership e talento nel settore alberghiero"}]},{"@type":"WebSite","@id":"https:\/\/achmhotels.com\/it\/#website","url":"https:\/\/achmhotels.com\/it\/","name":"Achm","description":"","potentialAction":[{"@type":"SearchAction","target":{"@type":"EntryPoint","urlTemplate":"https:\/\/achmhotels.com\/it\/?s={search_term_string}"},"query-input":{"@type":"PropertyValueSpecification","valueRequired":true,"valueName":"search_term_string"}}],"inLanguage":"it-IT"},{"@type":"Person","@id":"https:\/\/achmhotels.com\/it\/#\/schema\/person\/58a8e53365afee14ed80c52af868928f","name":"Javier Garc\u00eda","image":{"@type":"ImageObject","inLanguage":"it-IT","@id":"https:\/\/achmhotels.com\/wp-content\/litespeed\/avatar\/1656530746827a88ea877da209d95d6e.jpg?ver=1777518177","url":"https:\/\/achmhotels.com\/wp-content\/litespeed\/avatar\/1656530746827a88ea877da209d95d6e.jpg?ver=1777518177","contentUrl":"https:\/\/achmhotels.com\/wp-content\/litespeed\/avatar\/1656530746827a88ea877da209d95d6e.jpg?ver=1777518177","caption":"Javier Garc\u00eda"},"url":"https:\/\/achmhotels.com\/it\/author\/javier\/"}]}},"_links":{"self":[{"href":"https:\/\/achmhotels.com\/it\/wp-json\/wp\/v2\/posts\/6962","targetHints":{"allow":["GET"]}}],"collection":[{"href":"https:\/\/achmhotels.com\/it\/wp-json\/wp\/v2\/posts"}],"about":[{"href":"https:\/\/achmhotels.com\/it\/wp-json\/wp\/v2\/types\/post"}],"author":[{"embeddable":true,"href":"https:\/\/achmhotels.com\/it\/wp-json\/wp\/v2\/users\/9"}],"replies":[{"embeddable":true,"href":"https:\/\/achmhotels.com\/it\/wp-json\/wp\/v2\/comments?post=6962"}],"version-history":[{"count":0,"href":"https:\/\/achmhotels.com\/it\/wp-json\/wp\/v2\/posts\/6962\/revisions"}],"wp:featuredmedia":[{"embeddable":true,"href":"https:\/\/achmhotels.com\/it\/wp-json\/wp\/v2\/media\/6005"}],"wp:attachment":[{"href":"https:\/\/achmhotels.com\/it\/wp-json\/wp\/v2\/media?parent=6962"}],"wp:term":[{"taxonomy":"category","embeddable":true,"href":"https:\/\/achmhotels.com\/it\/wp-json\/wp\/v2\/categories?post=6962"},{"taxonomy":"post_tag","embeddable":true,"href":"https:\/\/achmhotels.com\/it\/wp-json\/wp\/v2\/tags?post=6962"}],"curies":[{"name":"wp","href":"https:\/\/api.w.org\/{rel}","templated":true}]}}