{"id":7225,"date":"2026-04-23T13:24:59","date_gmt":"2026-04-23T11:24:59","guid":{"rendered":"https:\/\/achmhotels.com\/antonio-catalan-incluso-nella-lista-forbes-travel-2026\/"},"modified":"2026-04-23T13:24:59","modified_gmt":"2026-04-23T11:24:59","slug":"antonio-catalan-incluso-nella-lista-forbes-travel-2026","status":"publish","type":"post","link":"https:\/\/achmhotels.com\/it\/antonio-catalan-incluso-nella-lista-forbes-travel-2026\/","title":{"rendered":"Antonio Catal\u00e1n incluso nella lista Forbes Travel 2026"},"content":{"rendered":"<p data-start=\"1086\" data-end=\"1390\">Il turismo di lusso in Spagna sta vivendo una profonda trasformazione. Il settore ha superato una visione incentrata esclusivamente sull\u2019esclusivit\u00e0 per evolversi verso modelli pi\u00f9 sofisticati, in cui l\u2019esperienza del cliente, l\u2019autenticit\u00e0 della destinazione e la sostenibilit\u00e0 svolgono un ruolo determinante. <\/p>\n<p data-start=\"1392\" data-end=\"1520\">In questo scenario di cambiamento, la leadership diventa un elemento chiave per comprendere l\u2019evoluzione dell\u2019industria alberghiera.<\/p>\n<h4 data-section-id=\"sba58u\" data-start=\"1527\" data-end=\"1582\">Un riconoscimento alla leadership nel settore alberghiero<\/h4>\n<p data-start=\"1584\" data-end=\"1760\"><a href=\"https:\/\/achmhotels.com\/it\/chi-siamo\/\">Antonio Catal\u00e1n<\/a> \u00e8 stato incluso nella lista dei 50 leader del turismo di lusso in Spagna, elaborata da <a href=\"https:\/\/forbestravel.es\/\">Forbes Travel<\/a>.<\/p>\n<p data-start=\"1762\" data-end=\"2168\">Questo riconoscimento valorizza un percorso consolidato all\u2019interno del settore, caratterizzato da una visione a lungo termine e dalla capacit\u00e0 di sviluppare progetti con un\u2019identit\u00e0 propria.<\/p>\n<p data-start=\"1762\" data-end=\"2168\">Nel corso della sua carriera, Antonio Catal\u00e1n \u00e8 stato una figura chiave nell\u2019evoluzione del modello di ospitalit\u00e0 in Spagna, promuovendo iniziative volte ad elevare gli standard di qualit\u00e0 e a rafforzare l\u2019esperienza degli ospiti.<\/p>\n<h4 data-section-id=\"1xx7eom\" data-start=\"2175\" data-end=\"2230\">Una visione centrata su esperienza e identit\u00e0<\/h4>\n<p data-start=\"2232\" data-end=\"2526\">L\u2019approccio di Antonio Catal\u00e1n \u00e8 sempre stato legato alla creazione di progetti che vanno oltre il concetto tradizionale di hotel. La sua filosofia si basa sulla costruzione di proposte che si connettano con la destinazione, che apportino un valore reale al territorio e che generino esperienze memorabili per il viaggiatore. <\/p>\n<p data-start=\"2528\" data-end=\"2758\">Questo modo di intendere l\u2019ospitalit\u00e0 ha contribuito a ridefinire il posizionamento del turismo di lusso in Spagna, soprattutto in un momento in cui i viaggiatori cercano proposte pi\u00f9 personalizzate, autentiche e sostenibili. <\/p>\n<div id=\"attachment_7212\" style=\"width: 1210px\" class=\"wp-caption aligncenter\"><img loading=\"lazy\" decoding=\"async\" aria-describedby=\"caption-attachment-7212\" class=\"wp-image-7212 size-full\" src=\"https:\/\/achmhotels.com\/wp-content\/uploads\/2026\/04\/Antonio-Catalan-FOTO-VERTICAL.jpg\" alt=\"\" width=\"1200\" height=\"1800\" srcset=\"https:\/\/achmhotels.com\/wp-content\/uploads\/2026\/04\/Antonio-Catalan-FOTO-VERTICAL.jpg 1200w, https:\/\/achmhotels.com\/wp-content\/uploads\/2026\/04\/Antonio-Catalan-FOTO-VERTICAL-980x1470.jpg 980w, https:\/\/achmhotels.com\/wp-content\/uploads\/2026\/04\/Antonio-Catalan-FOTO-VERTICAL-480x720.jpg 480w\" sizes=\"(min-width: 0px) and (max-width: 480px) 480px, (min-width: 481px) and (max-width: 980px) 980px, (min-width: 981px) 1200px, 100vw\" \/><p id=\"caption-attachment-7212\" class=\"wp-caption-text\">Antonio Catal\u00e1n, presidente di ACHM Hotels by Marriott<\/p><\/div>\n<h4 data-section-id=\"175x047\" data-start=\"2765\" data-end=\"2835\">Il ruolo di ACHM Hotels by Marriott<\/h4>\n<p data-start=\"2837\" data-end=\"2980\">Questo riconoscimento rafforza anche il posizionamento di ACHM Hotels by Marriott nel nuovo contesto del turismo di lusso.<\/p>\n<p data-start=\"2982\" data-end=\"3302\">L\u2019azienda continua a sviluppare un modello di gestione basato sull\u2019eccellenza operativa, sull\u2019innovazione costante e sulla creazione di valore nelle destinazioni in cui opera. Questo approccio consente di adattare l\u2019offerta alberghiera alle nuove esigenze del mercato, senza perdere l\u2019identit\u00e0 di ciascun progetto n\u00e9 la coerenza del brand. <\/p>\n<h4 data-section-id=\"1e2edpp\" data-start=\"3309\" data-end=\"3340\">Un settore in piena evoluzione<\/h4>\n<p data-start=\"3342\" data-end=\"3613\">Il turismo di lusso non \u00e8 pi\u00f9 definito unicamente dal livello di esclusivit\u00e0, ma dalla capacit\u00e0 di generare esperienze significative. Il viaggiatore moderno cerca connessioni autentiche con la destinazione, proposte differenziate e un alto livello di personalizzazione del servizio. <\/p>\n<p data-start=\"3615\" data-end=\"3827\">In questo contesto, il ruolo dei leader del settore \u00e8 fondamentale. La loro visione strategica non influenza solo lo sviluppo dei marchi alberghieri, ma anche l\u2019evoluzione delle destinazioni turistiche stesse. <\/p>\n<h4 data-section-id=\"p55ico\" data-start=\"3834\" data-end=\"3880\">Guardando al futuro del turismo di lusso<\/h4>\n<p data-start=\"3882\" data-end=\"4080\">L\u2019inclusione di Antonio Catal\u00e1n in questa lista di <a href=\"https:\/\/forbes.es\/\">Forbes <\/a>Travel riflette una chiara tendenza del settore: il consolidamento di un turismo di lusso pi\u00f9 consapevole, esperienziale e connesso al territorio.<\/p>\n<p data-start=\"4082\" data-end=\"4265\">La leadership imprenditoriale, l\u2019innovazione nella gestione alberghiera e l\u2019impegno per la qualit\u00e0 continueranno a essere fattori determinanti nell\u2019evoluzione dell\u2019industria nei prossimi anni.<\/p>\n<p data-start=\"4082\" data-end=\"4265\">Puoi leggere l\u2019articolo completo <a id=\"x_anchor-78810596-dc81-337c-caf1-545cbcc0a7b5\" title=\"https:\/\/forbes.es\/forbestravel\/904237\/lista-forbes-travel-los-50-lideres-del-turismo-de-lujo-de-espana-2026\/\" href=\"https:\/\/forbes.es\/forbestravel\/904237\/lista-forbes-travel-los-50-lideres-del-turismo-de-lujo-de-espana-2026\/\" data-auth=\"NotApplicable\" data-linkindex=\"1\">qui<\/a>.<\/p>\n","protected":false},"excerpt":{"rendered":"<p>Antonio Catal\u00e1n \u00e8 stato riconosciuto da Forbes Travel come uno dei 50 leader del turismo di lusso in Spagna, consolidando il suo percorso nel settore alberghiero.<\/p>\n","protected":false},"author":15,"featured_media":7193,"comment_status":"closed","ping_status":"closed","sticky":false,"template":"","format":"standard","meta":{"_acf_changed":false,"_et_pb_use_builder":"","_et_pb_old_content":"","_et_gb_content_width":"","inline_featured_image":false,"footnotes":""},"categories":[303,305],"tags":[306,400,518,519,517],"class_list":["post-7225","post","type-post","status-publish","format-standard","has-post-thumbnail","hentry","category-destacados-it","category-sala-de-prensa-it","tag-achm-hotels-by-marriott-it","tag-antonio-catalan","tag-forbes-travel-guide","tag-hospitality","tag-turismo-di-lusso"],"acf":[],"yoast_head":"<!-- This site is optimized with the Yoast SEO plugin v27.3 - https:\/\/yoast.com\/product\/yoast-seo-wordpress\/ -->\n<title>Antonio Catal\u00e1n incluso nella lista Forbes Travel 2026 - Achm<\/title>\n<meta name=\"description\" content=\"Antonio Catal\u00e1n \u00e8 stato incluso da Forbes Travel tra i 50 leader del turismo di lusso in Spagna, evidenziando la sua carriera.\" \/>\n<meta name=\"robots\" content=\"index, follow, max-snippet:-1, max-image-preview:large, max-video-preview:-1\" \/>\n<link rel=\"canonical\" href=\"https:\/\/achmhotels.com\/it\/antonio-catalan-incluso-nella-lista-forbes-travel-2026\/\" \/>\n<meta property=\"og:locale\" content=\"it_IT\" \/>\n<meta property=\"og:type\" content=\"article\" \/>\n<meta property=\"og:title\" content=\"Antonio Catal\u00e1n incluso nella lista Forbes Travel 2026 - Achm\" \/>\n<meta property=\"og:description\" content=\"Antonio Catal\u00e1n \u00e8 stato incluso da Forbes Travel tra i 50 leader del turismo di lusso in Spagna, evidenziando la sua carriera.\" \/>\n<meta property=\"og:url\" content=\"https:\/\/achmhotels.com\/it\/antonio-catalan-incluso-nella-lista-forbes-travel-2026\/\" \/>\n<meta property=\"og:site_name\" content=\"Achm\" \/>\n<meta property=\"article:published_time\" content=\"2026-04-23T11:24:59+00:00\" \/>\n<meta property=\"og:image\" content=\"https:\/\/achmhotels.com\/wp-content\/uploads\/2026\/04\/Sr.-Catalan-2.jpg\" \/>\n\t<meta property=\"og:image:width\" content=\"1920\" \/>\n\t<meta property=\"og:image:height\" content=\"1277\" \/>\n\t<meta property=\"og:image:type\" content=\"image\/jpeg\" \/>\n<meta name=\"author\" content=\"Alejandro Ayala\" \/>\n<meta name=\"twitter:card\" content=\"summary_large_image\" \/>\n<meta name=\"twitter:label1\" content=\"Scritto da\" \/>\n\t<meta name=\"twitter:data1\" content=\"Alejandro Ayala\" \/>\n\t<meta name=\"twitter:label2\" content=\"Tempo di lettura stimato\" \/>\n\t<meta name=\"twitter:data2\" content=\"2 minuti\" \/>\n<script type=\"application\/ld+json\" class=\"yoast-schema-graph\">{\"@context\":\"https:\\\/\\\/schema.org\",\"@graph\":[{\"@type\":\"Article\",\"@id\":\"https:\\\/\\\/achmhotels.com\\\/it\\\/antonio-catalan-incluso-nella-lista-forbes-travel-2026\\\/#article\",\"isPartOf\":{\"@id\":\"https:\\\/\\\/achmhotels.com\\\/it\\\/antonio-catalan-incluso-nella-lista-forbes-travel-2026\\\/\"},\"author\":{\"name\":\"Alejandro Ayala\",\"@id\":\"https:\\\/\\\/achmhotels.com\\\/it\\\/#\\\/schema\\\/person\\\/bc4ebef9cade3e3e33e85dc79a3c836d\"},\"headline\":\"Antonio Catal\u00e1n incluso nella lista Forbes Travel 2026\",\"datePublished\":\"2026-04-23T11:24:59+00:00\",\"mainEntityOfPage\":{\"@id\":\"https:\\\/\\\/achmhotels.com\\\/it\\\/antonio-catalan-incluso-nella-lista-forbes-travel-2026\\\/\"},\"wordCount\":486,\"image\":{\"@id\":\"https:\\\/\\\/achmhotels.com\\\/it\\\/antonio-catalan-incluso-nella-lista-forbes-travel-2026\\\/#primaryimage\"},\"thumbnailUrl\":\"https:\\\/\\\/achmhotels.com\\\/wp-content\\\/uploads\\\/2026\\\/04\\\/Sr.-Catalan-2.jpg\",\"keywords\":[\"ACHM Hotels by Marriott\",\"Antonio Catal\u00e1n\",\"Forbes Travel Guide\",\"Hospitality\",\"Turismo di lusso\"],\"articleSection\":[\"Destacados\",\"Sala de prensa\"],\"inLanguage\":\"it-IT\"},{\"@type\":\"WebPage\",\"@id\":\"https:\\\/\\\/achmhotels.com\\\/it\\\/antonio-catalan-incluso-nella-lista-forbes-travel-2026\\\/\",\"url\":\"https:\\\/\\\/achmhotels.com\\\/it\\\/antonio-catalan-incluso-nella-lista-forbes-travel-2026\\\/\",\"name\":\"Antonio Catal\u00e1n incluso nella lista Forbes Travel 2026 - Achm\",\"isPartOf\":{\"@id\":\"https:\\\/\\\/achmhotels.com\\\/it\\\/#website\"},\"primaryImageOfPage\":{\"@id\":\"https:\\\/\\\/achmhotels.com\\\/it\\\/antonio-catalan-incluso-nella-lista-forbes-travel-2026\\\/#primaryimage\"},\"image\":{\"@id\":\"https:\\\/\\\/achmhotels.com\\\/it\\\/antonio-catalan-incluso-nella-lista-forbes-travel-2026\\\/#primaryimage\"},\"thumbnailUrl\":\"https:\\\/\\\/achmhotels.com\\\/wp-content\\\/uploads\\\/2026\\\/04\\\/Sr.-Catalan-2.jpg\",\"datePublished\":\"2026-04-23T11:24:59+00:00\",\"author\":{\"@id\":\"https:\\\/\\\/achmhotels.com\\\/it\\\/#\\\/schema\\\/person\\\/bc4ebef9cade3e3e33e85dc79a3c836d\"},\"description\":\"Antonio Catal\u00e1n \u00e8 stato incluso da Forbes Travel tra i 50 leader del turismo di lusso in Spagna, evidenziando la sua carriera.\",\"breadcrumb\":{\"@id\":\"https:\\\/\\\/achmhotels.com\\\/it\\\/antonio-catalan-incluso-nella-lista-forbes-travel-2026\\\/#breadcrumb\"},\"inLanguage\":\"it-IT\",\"potentialAction\":[{\"@type\":\"ReadAction\",\"target\":[\"https:\\\/\\\/achmhotels.com\\\/it\\\/antonio-catalan-incluso-nella-lista-forbes-travel-2026\\\/\"]}]},{\"@type\":\"ImageObject\",\"inLanguage\":\"it-IT\",\"@id\":\"https:\\\/\\\/achmhotels.com\\\/it\\\/antonio-catalan-incluso-nella-lista-forbes-travel-2026\\\/#primaryimage\",\"url\":\"https:\\\/\\\/achmhotels.com\\\/wp-content\\\/uploads\\\/2026\\\/04\\\/Sr.-Catalan-2.jpg\",\"contentUrl\":\"https:\\\/\\\/achmhotels.com\\\/wp-content\\\/uploads\\\/2026\\\/04\\\/Sr.-Catalan-2.jpg\",\"width\":1920,\"height\":1277,\"caption\":\"Evoto\"},{\"@type\":\"BreadcrumbList\",\"@id\":\"https:\\\/\\\/achmhotels.com\\\/it\\\/antonio-catalan-incluso-nella-lista-forbes-travel-2026\\\/#breadcrumb\",\"itemListElement\":[{\"@type\":\"ListItem\",\"position\":1,\"name\":\"Portada\",\"item\":\"https:\\\/\\\/achmhotels.com\\\/it\\\/\"},{\"@type\":\"ListItem\",\"position\":2,\"name\":\"Antonio Catal\u00e1n incluso nella lista Forbes Travel 2026\"}]},{\"@type\":\"WebSite\",\"@id\":\"https:\\\/\\\/achmhotels.com\\\/it\\\/#website\",\"url\":\"https:\\\/\\\/achmhotels.com\\\/it\\\/\",\"name\":\"Achm\",\"description\":\"\",\"potentialAction\":[{\"@type\":\"SearchAction\",\"target\":{\"@type\":\"EntryPoint\",\"urlTemplate\":\"https:\\\/\\\/achmhotels.com\\\/it\\\/?s={search_term_string}\"},\"query-input\":{\"@type\":\"PropertyValueSpecification\",\"valueRequired\":true,\"valueName\":\"search_term_string\"}}],\"inLanguage\":\"it-IT\"},{\"@type\":\"Person\",\"@id\":\"https:\\\/\\\/achmhotels.com\\\/it\\\/#\\\/schema\\\/person\\\/bc4ebef9cade3e3e33e85dc79a3c836d\",\"name\":\"Alejandro Ayala\",\"image\":{\"@type\":\"ImageObject\",\"inLanguage\":\"it-IT\",\"@id\":\"https:\\\/\\\/achmhotels.com\\\/wp-content\\\/litespeed\\\/avatar\\\/7ef3d7ad87a051190441171f9a2ae5b5.jpg?ver=1776941386\",\"url\":\"https:\\\/\\\/achmhotels.com\\\/wp-content\\\/litespeed\\\/avatar\\\/7ef3d7ad87a051190441171f9a2ae5b5.jpg?ver=1776941386\",\"contentUrl\":\"https:\\\/\\\/achmhotels.com\\\/wp-content\\\/litespeed\\\/avatar\\\/7ef3d7ad87a051190441171f9a2ae5b5.jpg?ver=1776941386\",\"caption\":\"Alejandro Ayala\"},\"url\":\"https:\\\/\\\/achmhotels.com\\\/it\\\/author\\\/alejandro\\\/\"}]}<\/script>\n<!-- \/ Yoast SEO plugin. -->","yoast_head_json":{"title":"Antonio Catal\u00e1n incluso nella lista Forbes Travel 2026 - Achm","description":"Antonio Catal\u00e1n \u00e8 stato incluso da Forbes Travel tra i 50 leader del turismo di lusso in Spagna, evidenziando la sua carriera.","robots":{"index":"index","follow":"follow","max-snippet":"max-snippet:-1","max-image-preview":"max-image-preview:large","max-video-preview":"max-video-preview:-1"},"canonical":"https:\/\/achmhotels.com\/it\/antonio-catalan-incluso-nella-lista-forbes-travel-2026\/","og_locale":"it_IT","og_type":"article","og_title":"Antonio Catal\u00e1n incluso nella lista Forbes Travel 2026 - Achm","og_description":"Antonio Catal\u00e1n \u00e8 stato incluso da Forbes Travel tra i 50 leader del turismo di lusso in Spagna, evidenziando la sua carriera.","og_url":"https:\/\/achmhotels.com\/it\/antonio-catalan-incluso-nella-lista-forbes-travel-2026\/","og_site_name":"Achm","article_published_time":"2026-04-23T11:24:59+00:00","og_image":[{"width":1920,"height":1277,"url":"https:\/\/achmhotels.com\/wp-content\/uploads\/2026\/04\/Sr.-Catalan-2.jpg","type":"image\/jpeg"}],"author":"Alejandro Ayala","twitter_card":"summary_large_image","twitter_misc":{"Scritto da":"Alejandro Ayala","Tempo di lettura stimato":"2 minuti"},"schema":{"@context":"https:\/\/schema.org","@graph":[{"@type":"Article","@id":"https:\/\/achmhotels.com\/it\/antonio-catalan-incluso-nella-lista-forbes-travel-2026\/#article","isPartOf":{"@id":"https:\/\/achmhotels.com\/it\/antonio-catalan-incluso-nella-lista-forbes-travel-2026\/"},"author":{"name":"Alejandro Ayala","@id":"https:\/\/achmhotels.com\/it\/#\/schema\/person\/bc4ebef9cade3e3e33e85dc79a3c836d"},"headline":"Antonio Catal\u00e1n incluso nella lista Forbes Travel 2026","datePublished":"2026-04-23T11:24:59+00:00","mainEntityOfPage":{"@id":"https:\/\/achmhotels.com\/it\/antonio-catalan-incluso-nella-lista-forbes-travel-2026\/"},"wordCount":486,"image":{"@id":"https:\/\/achmhotels.com\/it\/antonio-catalan-incluso-nella-lista-forbes-travel-2026\/#primaryimage"},"thumbnailUrl":"https:\/\/achmhotels.com\/wp-content\/uploads\/2026\/04\/Sr.-Catalan-2.jpg","keywords":["ACHM Hotels by Marriott","Antonio Catal\u00e1n","Forbes Travel Guide","Hospitality","Turismo di lusso"],"articleSection":["Destacados","Sala de prensa"],"inLanguage":"it-IT"},{"@type":"WebPage","@id":"https:\/\/achmhotels.com\/it\/antonio-catalan-incluso-nella-lista-forbes-travel-2026\/","url":"https:\/\/achmhotels.com\/it\/antonio-catalan-incluso-nella-lista-forbes-travel-2026\/","name":"Antonio Catal\u00e1n incluso nella lista Forbes Travel 2026 - Achm","isPartOf":{"@id":"https:\/\/achmhotels.com\/it\/#website"},"primaryImageOfPage":{"@id":"https:\/\/achmhotels.com\/it\/antonio-catalan-incluso-nella-lista-forbes-travel-2026\/#primaryimage"},"image":{"@id":"https:\/\/achmhotels.com\/it\/antonio-catalan-incluso-nella-lista-forbes-travel-2026\/#primaryimage"},"thumbnailUrl":"https:\/\/achmhotels.com\/wp-content\/uploads\/2026\/04\/Sr.-Catalan-2.jpg","datePublished":"2026-04-23T11:24:59+00:00","author":{"@id":"https:\/\/achmhotels.com\/it\/#\/schema\/person\/bc4ebef9cade3e3e33e85dc79a3c836d"},"description":"Antonio Catal\u00e1n \u00e8 stato incluso da Forbes Travel tra i 50 leader del turismo di lusso in Spagna, evidenziando la sua carriera.","breadcrumb":{"@id":"https:\/\/achmhotels.com\/it\/antonio-catalan-incluso-nella-lista-forbes-travel-2026\/#breadcrumb"},"inLanguage":"it-IT","potentialAction":[{"@type":"ReadAction","target":["https:\/\/achmhotels.com\/it\/antonio-catalan-incluso-nella-lista-forbes-travel-2026\/"]}]},{"@type":"ImageObject","inLanguage":"it-IT","@id":"https:\/\/achmhotels.com\/it\/antonio-catalan-incluso-nella-lista-forbes-travel-2026\/#primaryimage","url":"https:\/\/achmhotels.com\/wp-content\/uploads\/2026\/04\/Sr.-Catalan-2.jpg","contentUrl":"https:\/\/achmhotels.com\/wp-content\/uploads\/2026\/04\/Sr.-Catalan-2.jpg","width":1920,"height":1277,"caption":"Evoto"},{"@type":"BreadcrumbList","@id":"https:\/\/achmhotels.com\/it\/antonio-catalan-incluso-nella-lista-forbes-travel-2026\/#breadcrumb","itemListElement":[{"@type":"ListItem","position":1,"name":"Portada","item":"https:\/\/achmhotels.com\/it\/"},{"@type":"ListItem","position":2,"name":"Antonio Catal\u00e1n incluso nella lista Forbes Travel 2026"}]},{"@type":"WebSite","@id":"https:\/\/achmhotels.com\/it\/#website","url":"https:\/\/achmhotels.com\/it\/","name":"Achm","description":"","potentialAction":[{"@type":"SearchAction","target":{"@type":"EntryPoint","urlTemplate":"https:\/\/achmhotels.com\/it\/?s={search_term_string}"},"query-input":{"@type":"PropertyValueSpecification","valueRequired":true,"valueName":"search_term_string"}}],"inLanguage":"it-IT"},{"@type":"Person","@id":"https:\/\/achmhotels.com\/it\/#\/schema\/person\/bc4ebef9cade3e3e33e85dc79a3c836d","name":"Alejandro Ayala","image":{"@type":"ImageObject","inLanguage":"it-IT","@id":"https:\/\/achmhotels.com\/wp-content\/litespeed\/avatar\/7ef3d7ad87a051190441171f9a2ae5b5.jpg?ver=1776941386","url":"https:\/\/achmhotels.com\/wp-content\/litespeed\/avatar\/7ef3d7ad87a051190441171f9a2ae5b5.jpg?ver=1776941386","contentUrl":"https:\/\/achmhotels.com\/wp-content\/litespeed\/avatar\/7ef3d7ad87a051190441171f9a2ae5b5.jpg?ver=1776941386","caption":"Alejandro Ayala"},"url":"https:\/\/achmhotels.com\/it\/author\/alejandro\/"}]}},"_links":{"self":[{"href":"https:\/\/achmhotels.com\/it\/wp-json\/wp\/v2\/posts\/7225","targetHints":{"allow":["GET"]}}],"collection":[{"href":"https:\/\/achmhotels.com\/it\/wp-json\/wp\/v2\/posts"}],"about":[{"href":"https:\/\/achmhotels.com\/it\/wp-json\/wp\/v2\/types\/post"}],"author":[{"embeddable":true,"href":"https:\/\/achmhotels.com\/it\/wp-json\/wp\/v2\/users\/15"}],"replies":[{"embeddable":true,"href":"https:\/\/achmhotels.com\/it\/wp-json\/wp\/v2\/comments?post=7225"}],"version-history":[{"count":0,"href":"https:\/\/achmhotels.com\/it\/wp-json\/wp\/v2\/posts\/7225\/revisions"}],"wp:featuredmedia":[{"embeddable":true,"href":"https:\/\/achmhotels.com\/it\/wp-json\/wp\/v2\/media\/7193"}],"wp:attachment":[{"href":"https:\/\/achmhotels.com\/it\/wp-json\/wp\/v2\/media?parent=7225"}],"wp:term":[{"taxonomy":"category","embeddable":true,"href":"https:\/\/achmhotels.com\/it\/wp-json\/wp\/v2\/categories?post=7225"},{"taxonomy":"post_tag","embeddable":true,"href":"https:\/\/achmhotels.com\/it\/wp-json\/wp\/v2\/tags?post=7225"}],"curies":[{"name":"wp","href":"https:\/\/api.w.org\/{rel}","templated":true}]}}